{"id":80,"date":"2013-04-15T18:30:21","date_gmt":"2013-04-15T18:30:21","guid":{"rendered":"http:\/\/klaasikunst.ee\/?p=80"},"modified":"2013-11-02T10:39:13","modified_gmt":"2013-11-02T10:39:13","slug":"2013-eesti-klaasikunstnike-uhenduse-aastanaitus-linnutee","status":"publish","type":"post","link":"https:\/\/klaasikunst.ee\/?p=80","title":{"rendered":"2013 Eesti Klaasikunstnike \u00dchenduse aastan\u00e4itus LINNUTEE"},"content":{"rendered":"<p>9.04-27.05.2013<\/p>\n<p style=\"text-align: center;\">igal \u00f5htul ilmuvad taevasse t\u00e4hed<br \/>\nigal \u00f5htul t\u00e4hed parvi ja pilvi ja Linnuteed loovad<br \/>\nsee on s\u00fcndinud igal \u00f5htul<br \/>\nm\u00e4letan nii<br \/>\neriti p\u00fchalik on Linnutee talvel<br \/>\nm\u00f6\u00f6da Linnuteerada olen kord ise koju j\u00f5udnud<br \/>\nkui poleks t\u00e4hti oleks l\u00f5ppmust<br \/>\nmets eksitanud mu<br \/>\ns\u00fcgis\u00f6\u00f6del kuulan<br \/>\nlindude h\u00e4\u00e4lekat lendamist<br \/>\nl\u00f5unasse<br \/>\nikka<br \/>\nm\u00f6\u00f6da<br \/>\nLinnuteed<br \/>\nigal kunstnikul on r\u00e4\u00e4kida<br \/>\noma lugu<br \/>\noma Linnutee lugu<!--more--><\/p>\n<p>N\u00e4ituse kuraator Riho H\u00fctt<br \/>\nN\u00e4itusel esinevad: Piret Ellamaa, Riho H\u00fctt, Andra J\u00f5gis, Malle Karik-Hallim\u00e4e, Viivi-Ann Keerdo, Kati Kerstna, Kai Kiudsoo- V\u00e4rv, Eve Koha, Helena Kreem, Marilin Kristjuhan, Eeva K\u00e4sper, Ivo Lill, Birgit P\u00e4hlapuu, Maie- Ann Raun, Peeter Rudash, Maret Sarapu, Tiina Sarapu, Kalli Sein, Caspar Sild, Maria Tamm, Katrin Tukmann, Anna Maria Vaino, Kaire- Leen Varik<\/p>\n<p>Rakvere, Turu plats 2, SEB panga 2. korrusel<br \/>\nT- R 12-18 L 10-14 P-E kinni<\/p>\n<p>N\u00e4itust toetavad:<br \/>\nKultuurkapital, Rakvere Linnavalitsus, Rakvere Galerii<\/p>\n<div><span class=\"Apple-style-span\" style=\"color: #f4f4f4; font-family: Arial, Helvetica, sans-serif; line-height: normal; font-size: medium;\"><span class=\"sisu-a\" style=\"font-family: Arial, Helvetica, sans-serif; font-size: 13px; color: #333333; text-decoration: none; text-align: justify;\">\u00a0<\/span><\/span><\/div>\n","protected":false},"excerpt":{"rendered":"<p>9.04-27.05.2013 igal \u00f5htul ilmuvad taevasse t\u00e4hed igal \u00f5htul t\u00e4hed parvi ja pilvi ja Linnuteed loovad see on s\u00fcndinud igal \u00f5htul m\u00e4letan nii eriti p\u00fchalik on Linnutee talvel m\u00f6\u00f6da Linnuteerada olen kord ise koju j\u00f5udnud kui poleks t\u00e4hti oleks l\u00f5ppmust mets eksitanud mu s\u00fcgis\u00f6\u00f6del kuulan lindude h\u00e4\u00e4lekat lendamist l\u00f5unasse ikka m\u00f6\u00f6da Linnuteed igal kunstnikul on r\u00e4\u00e4kida [&hellip;]<\/p>\n","protected":false},"author":1,"featured_media":0,"comment_status":"open","ping_status":"open","sticky":false,"template":"","format":"standard","meta":{"footnotes":""},"categories":[8,2],"tags":[63,45,61,54,58,23,50,51,53,49,62,57,48,60,55,46,42,59,52,56,25,44,24,47],"class_list":["post-80","post","type-post","status-publish","format-standard","hentry","category-aastanaitused","category-uudised","tag-aastanaitused-2","tag-andra-jogis","tag-anna-maria-vaino","tag-birgit-pahlapuu","tag-caspar-sild","tag-eeva-kasper","tag-eve-koha","tag-helena-kreem","tag-ivo-lill","tag-kai-kiudsoo-varv","tag-kaire-leen-varik","tag-kalli-sein","tag-kati-kerstna","tag-katrin-tukmann","tag-maie-ann-raun","tag-malle-karik-hallimae","tag-maret-sarapu","tag-maria-tamm","tag-marilin-kristjuhan","tag-peeter-rudash","tag-piret-ellamaa","tag-riho-hutt","tag-tiina-sarapu","tag-viivi-ann-keerdo"],"aioseo_notices":[],"_links":{"self":[{"href":"https:\/\/klaasikunst.ee\/index.php?rest_route=\/wp\/v2\/posts\/80","targetHints":{"allow":["GET"]}}],"collection":[{"href":"https:\/\/klaasikunst.ee\/index.php?rest_route=\/wp\/v2\/posts"}],"about":[{"href":"https:\/\/klaasikunst.ee\/index.php?rest_route=\/wp\/v2\/types\/post"}],"author":[{"embeddable":true,"href":"https:\/\/klaasikunst.ee\/index.php?rest_route=\/wp\/v2\/users\/1"}],"replies":[{"embeddable":true,"href":"https:\/\/klaasikunst.ee\/index.php?rest_route=%2Fwp%2Fv2%2Fcomments&post=80"}],"version-history":[{"count":3,"href":"https:\/\/klaasikunst.ee\/index.php?rest_route=\/wp\/v2\/posts\/80\/revisions"}],"predecessor-version":[{"id":1049,"href":"https:\/\/klaasikunst.ee\/index.php?rest_route=\/wp\/v2\/posts\/80\/revisions\/1049"}],"wp:attachment":[{"href":"https:\/\/klaasikunst.ee\/index.php?rest_route=%2Fwp%2Fv2%2Fmedia&parent=80"}],"wp:term":[{"taxonomy":"category","embeddable":true,"href":"https:\/\/klaasikunst.ee\/index.php?rest_route=%2Fwp%2Fv2%2Fcategories&post=80"},{"taxonomy":"post_tag","embeddable":true,"href":"https:\/\/klaasikunst.ee\/index.php?rest_route=%2Fwp%2Fv2%2Ftags&post=80"}],"curies":[{"name":"wp","href":"https:\/\/api.w.org\/{rel}","templated":true}]}}