{"id":6953,"date":"2024-11-13T14:45:34","date_gmt":"2024-11-13T12:45:34","guid":{"rendered":"https:\/\/klaasikunst.ee\/?p=6953"},"modified":"2024-11-13T15:04:55","modified_gmt":"2024-11-13T13:04:55","slug":"2024-glass-artists-at-the-tartu-light-festival","status":"publish","type":"post","link":"https:\/\/klaasikunst.ee\/?p=6953","title":{"rendered":"2024 glass artists at the Tartu Light Festival"},"content":{"rendered":"<p><strong>Several members of the EGAU participated at solo and group shows at the Tartu Festival of Light:<br \/>\n<\/strong><\/p>\n<p>Birgit P\u00e4hlapuu with her solo exhibition &#8220;Rebellion of the Flies&#8221; at the Botanical Garden<\/p>\n<p>Group exhibition &#8220;Flying&#8221; at the Botanical Garden-\u00a0 Kati Kerstna, Kairi Orgusaar, Sofi Ar\u0161as<\/p>\n<p>Group exhibition &#8220;Inherited Light&#8221; at the Pallas Gallery &#8211; Rait Pr\u00e4\u00e4ts<\/p>\n","protected":false},"excerpt":{"rendered":"<p>Several members of the EGAU participated at solo and group shows at the Tartu Festival of Light: Birgit P\u00e4hlapuu with her solo exhibition &#8220;Rebellion of the Flies&#8221; at the Botanical Garden Group exhibition &#8220;Flying&#8221; at the Botanical Garden-\u00a0 Kati Kerstna, Kairi Orgusaar, Sofi Ar\u0161as Group exhibition &#8220;Inherited Light&#8221; at the Pallas Gallery &#8211; Rait Pr\u00e4\u00e4ts<\/p>\n","protected":false},"author":1,"featured_media":6951,"comment_status":"closed","ping_status":"closed","sticky":false,"template":"","format":"standard","meta":{"footnotes":""},"categories":[5],"tags":[],"class_list":["post-6953","post","type-post","status-publish","format-standard","has-post-thumbnail","hentry","category-news"],"aioseo_notices":[],"_links":{"self":[{"href":"https:\/\/klaasikunst.ee\/index.php?rest_route=\/wp\/v2\/posts\/6953","targetHints":{"allow":["GET"]}}],"collection":[{"href":"https:\/\/klaasikunst.ee\/index.php?rest_route=\/wp\/v2\/posts"}],"about":[{"href":"https:\/\/klaasikunst.ee\/index.php?rest_route=\/wp\/v2\/types\/post"}],"author":[{"embeddable":true,"href":"https:\/\/klaasikunst.ee\/index.php?rest_route=\/wp\/v2\/users\/1"}],"replies":[{"embeddable":true,"href":"https:\/\/klaasikunst.ee\/index.php?rest_route=%2Fwp%2Fv2%2Fcomments&post=6953"}],"version-history":[{"count":2,"href":"https:\/\/klaasikunst.ee\/index.php?rest_route=\/wp\/v2\/posts\/6953\/revisions"}],"predecessor-version":[{"id":6960,"href":"https:\/\/klaasikunst.ee\/index.php?rest_route=\/wp\/v2\/posts\/6953\/revisions\/6960"}],"wp:featuredmedia":[{"embeddable":true,"href":"https:\/\/klaasikunst.ee\/index.php?rest_route=\/wp\/v2\/media\/6951"}],"wp:attachment":[{"href":"https:\/\/klaasikunst.ee\/index.php?rest_route=%2Fwp%2Fv2%2Fmedia&parent=6953"}],"wp:term":[{"taxonomy":"category","embeddable":true,"href":"https:\/\/klaasikunst.ee\/index.php?rest_route=%2Fwp%2Fv2%2Fcategories&post=6953"},{"taxonomy":"post_tag","embeddable":true,"href":"https:\/\/klaasikunst.ee\/index.php?rest_route=%2Fwp%2Fv2%2Ftags&post=6953"}],"curies":[{"name":"wp","href":"https:\/\/api.w.org\/{rel}","templated":true}]}}