{"id":6690,"date":"2024-02-17T14:44:16","date_gmt":"2024-02-17T12:44:16","guid":{"rendered":"https:\/\/klaasikunst.ee\/?p=6690"},"modified":"2024-02-17T15:02:10","modified_gmt":"2024-02-17T13:02:10","slug":"2024-kateriin-rikken-soom-vol-3","status":"publish","type":"post","link":"https:\/\/klaasikunst.ee\/?p=6690","title":{"rendered":"2024 Kateriin Rikken S\u00d5\u00d5M vol 3"},"content":{"rendered":"<p><strong>Kateriin Rikkeni isikn\u00e4itus &#8220;S\u00f5\u00f5m&#8221; on edasi r\u00e4nnanud Taltechi raamatukokku, kus n\u00e4itus on avatud 15. jaanuarist kuni m\u00e4rtsi keskpaigani.<\/strong><\/p>\n\n\t\t<style type=\"text\/css\">\n\t\t\t#gallery-1 {\n\t\t\t\tmargin: auto;\n\t\t\t}\n\t\t\t#gallery-1 .gallery-item {\n\t\t\t\tfloat: left;\n\t\t\t\tmargin-top: 10px;\n\t\t\t\ttext-align: center;\n\t\t\t\twidth: 20%;\n\t\t\t}\n\t\t\t#gallery-1 img {\n\t\t\t\tborder: 2px solid #cfcfcf;\n\t\t\t}\n\t\t\t#gallery-1 .gallery-caption {\n\t\t\t\tmargin-left: 0;\n\t\t\t}\n\t\t\t\/* see gallery_shortcode() in wp-includes\/media.php *\/\n\t\t<\/style>\n\t\t<div id='gallery-1' class='gallery galleryid-6690 gallery-columns-5 gallery-size-thumbnail'><dl class='gallery-item'>\n\t\t\t<dt class='gallery-icon landscape'>\n\t\t\t\t<a href='https:\/\/klaasikunst.ee\/wp-content\/uploads\/2024\/02\/419781208_18297129862150940_6409956367478054675_n.jpg'><img loading=\"lazy\" decoding=\"async\" width=\"150\" height=\"150\" src=\"https:\/\/klaasikunst.ee\/wp-content\/uploads\/2024\/02\/419781208_18297129862150940_6409956367478054675_n-150x150.jpg\" class=\"attachment-thumbnail size-thumbnail\" alt=\"\" \/><\/a>\n\t\t\t<\/dt><\/dl><dl class='gallery-item'>\n\t\t\t<dt class='gallery-icon landscape'>\n\t\t\t\t<a href='https:\/\/klaasikunst.ee\/wp-content\/uploads\/2024\/02\/419810563_18297129844150940_1607340365161161353_n.jpg'><img loading=\"lazy\" decoding=\"async\" width=\"150\" height=\"150\" src=\"https:\/\/klaasikunst.ee\/wp-content\/uploads\/2024\/02\/419810563_18297129844150940_1607340365161161353_n-150x150.jpg\" class=\"attachment-thumbnail size-thumbnail\" alt=\"\" \/><\/a>\n\t\t\t<\/dt><\/dl><dl class='gallery-item'>\n\t\t\t<dt class='gallery-icon landscape'>\n\t\t\t\t<a href='https:\/\/klaasikunst.ee\/wp-content\/uploads\/2024\/02\/419868243_18297129871150940_5027822384192427108_n.jpg'><img loading=\"lazy\" decoding=\"async\" width=\"150\" height=\"150\" src=\"https:\/\/klaasikunst.ee\/wp-content\/uploads\/2024\/02\/419868243_18297129871150940_5027822384192427108_n-150x150.jpg\" class=\"attachment-thumbnail size-thumbnail\" alt=\"\" \/><\/a>\n\t\t\t<\/dt><\/dl><dl class='gallery-item'>\n\t\t\t<dt class='gallery-icon landscape'>\n\t\t\t\t<a href='https:\/\/klaasikunst.ee\/wp-content\/uploads\/2024\/02\/420019680_18297129853150940_7565390501058753242_n.jpg'><img loading=\"lazy\" decoding=\"async\" width=\"150\" height=\"150\" src=\"https:\/\/klaasikunst.ee\/wp-content\/uploads\/2024\/02\/420019680_18297129853150940_7565390501058753242_n-150x150.jpg\" class=\"attachment-thumbnail size-thumbnail\" alt=\"\" \/><\/a>\n\t\t\t<\/dt><\/dl><dl class='gallery-item'>\n\t\t\t<dt class='gallery-icon landscape'>\n\t\t\t\t<a href='https:\/\/klaasikunst.ee\/wp-content\/uploads\/2024\/02\/420035569_18297129880150940_3000914225452992872_n.jpg'><img loading=\"lazy\" decoding=\"async\" width=\"150\" height=\"150\" src=\"https:\/\/klaasikunst.ee\/wp-content\/uploads\/2024\/02\/420035569_18297129880150940_3000914225452992872_n-150x150.jpg\" class=\"attachment-thumbnail size-thumbnail\" alt=\"\" \/><\/a>\n\t\t\t<\/dt><\/dl><br style=\"clear: both\" \/>\n\t\t<\/div>\n\n","protected":false},"excerpt":{"rendered":"<p>Kateriin Rikkeni isikn\u00e4itus &#8220;S\u00f5\u00f5m&#8221; on edasi r\u00e4nnanud Taltechi raamatukokku, kus n\u00e4itus on avatud 15. jaanuarist kuni m\u00e4rtsi keskpaigani.<\/p>\n","protected":false},"author":1,"featured_media":6691,"comment_status":"closed","ping_status":"closed","sticky":false,"template":"","format":"standard","meta":{"footnotes":""},"categories":[2],"tags":[],"class_list":["post-6690","post","type-post","status-publish","format-standard","has-post-thumbnail","hentry","category-uudised"],"aioseo_notices":[],"_links":{"self":[{"href":"https:\/\/klaasikunst.ee\/index.php?rest_route=\/wp\/v2\/posts\/6690","targetHints":{"allow":["GET"]}}],"collection":[{"href":"https:\/\/klaasikunst.ee\/index.php?rest_route=\/wp\/v2\/posts"}],"about":[{"href":"https:\/\/klaasikunst.ee\/index.php?rest_route=\/wp\/v2\/types\/post"}],"author":[{"embeddable":true,"href":"https:\/\/klaasikunst.ee\/index.php?rest_route=\/wp\/v2\/users\/1"}],"replies":[{"embeddable":true,"href":"https:\/\/klaasikunst.ee\/index.php?rest_route=%2Fwp%2Fv2%2Fcomments&post=6690"}],"version-history":[{"count":1,"href":"https:\/\/klaasikunst.ee\/index.php?rest_route=\/wp\/v2\/posts\/6690\/revisions"}],"predecessor-version":[{"id":6696,"href":"https:\/\/klaasikunst.ee\/index.php?rest_route=\/wp\/v2\/posts\/6690\/revisions\/6696"}],"wp:featuredmedia":[{"embeddable":true,"href":"https:\/\/klaasikunst.ee\/index.php?rest_route=\/wp\/v2\/media\/6691"}],"wp:attachment":[{"href":"https:\/\/klaasikunst.ee\/index.php?rest_route=%2Fwp%2Fv2%2Fmedia&parent=6690"}],"wp:term":[{"taxonomy":"category","embeddable":true,"href":"https:\/\/klaasikunst.ee\/index.php?rest_route=%2Fwp%2Fv2%2Fcategories&post=6690"},{"taxonomy":"post_tag","embeddable":true,"href":"https:\/\/klaasikunst.ee\/index.php?rest_route=%2Fwp%2Fv2%2Ftags&post=6690"}],"curies":[{"name":"wp","href":"https:\/\/api.w.org\/{rel}","templated":true}]}}