{"id":6685,"date":"2024-02-17T14:30:22","date_gmt":"2024-02-17T12:30:22","guid":{"rendered":"https:\/\/klaasikunst.ee\/?p=6685"},"modified":"2024-02-17T15:02:52","modified_gmt":"2024-02-17T13:02:52","slug":"2024-kati-kerstna-orn-habras-orn","status":"publish","type":"post","link":"https:\/\/klaasikunst.ee\/?p=6685","title":{"rendered":"2024 Kati Kerstna \u00d5RN.HABRAS.\u00d5RN"},"content":{"rendered":"<p><strong>Neljap\u00e4eval, 18. jaanuaril kell 18.00 avatI ArtDepoo galeriis klaasikunstnik Kati Kerstna isikun\u00e4itus &#8220;\u00d5RN, HABRAS, \u014cRN&#8221;. N\u00e4itus on avatud kuni 18. veebruarini, K-R kell 12-18 ja L kell 12-16.<\/strong><\/p>\n<p>ArtDepoo galerii poolt 2021. aastal ellukutsutud projekt-pakkuda Tallinna Kunstihoones toimuva traditsioonilise kevadn\u00e4ituse publikupreemia v\u00f5itjale v\u00f5imalust teha isikun\u00e4itus ArtDepoo galeriis, on leidnud suure poolehoiu k\u00fclastajate seas. Kati Kerstna klaasist teos &#8220;Alter ego&#8221; oli 2023. aasta kevadn\u00e4ituse publikulemmik.<\/p>\n<p>Kati Kerstna isikun\u00e4itus &#8220;\u00d5RN, HABRAS, \u00d5RN&#8221; on vihje tasakaalule, mis peaks valitsema inimkonna ja teiste planeedi elanike vahel ning tugevdab arusaama, et ilma nende teisteta me tegelikult eksisteerida ei suudaks.<br \/>\nKuigi v\u00e4lja pandud klaasobjektid, mis kujutavad looma- v\u00f5i pigem putukariigist p\u00e4rit esindajaid, v\u00f5ib neid k\u00e4sitleda ka allegooriana, tuues nad inimeste ja nendevaheliste suhete tasandile. Luubi alla v\u00f5etud ja hiiglaslikeks suurendatud ning samas l\u00e4bipaistvateks muudetud tegelased on just need, keda tihtulugu ei m\u00e4rgata, kuid kelle kadumine suruks inimkonna l\u00f5puks rohkem v\u00f5i v\u00e4hem k\u00e4puli.<\/p>\n<p>Kati Kerstna (s. 1970) on kunstnik, kelle loomingut iseloomustab varjamatu huvi looduse ja keskkonnaga seotud probleemistiku vastu. Viimastel aastatel valminud teostes k\u00e4sitleb Kerstna keskkonnareostust ning klaas materjalina on valdavalt taaskasutatud ja kohati p\u00e4rit varasematest t\u00f6\u00f6dest. Samuti v\u00f5imaldab kasutusele v\u00f5etud 3D modelleerimine luua imep\u00e4raseid ruumiga harmoniseeruvaid optilisi objekte, mis on p\u00e4lvinud ka rahvusvahelise t\u00e4helepanu.<\/p>\n<p>N\u00e4itust saadavad laste ja noorte kunstitunnid koost\u00f6\u00f6s Maru Karu laste kunstistuudioga.<br \/>\nN\u00e4itust toetavad Eesti Kultuurikapital ja EKDesign.<\/p>\n","protected":false},"excerpt":{"rendered":"<p>Neljap\u00e4eval, 18. jaanuaril kell 18.00 avatI ArtDepoo galeriis klaasikunstnik Kati Kerstna isikun\u00e4itus &#8220;\u00d5RN, HABRAS, \u014cRN&#8221;. N\u00e4itus on avatud kuni 18. veebruarini, K-R kell 12-18 ja L kell 12-16. ArtDepoo galerii poolt 2021. aastal ellukutsutud projekt-pakkuda Tallinna Kunstihoones toimuva traditsioonilise kevadn\u00e4ituse publikupreemia v\u00f5itjale v\u00f5imalust teha isikun\u00e4itus ArtDepoo galeriis, on leidnud suure poolehoiu k\u00fclastajate seas. Kati Kerstna [&hellip;]<\/p>\n","protected":false},"author":1,"featured_media":6687,"comment_status":"closed","ping_status":"closed","sticky":false,"template":"","format":"standard","meta":{"footnotes":""},"categories":[2],"tags":[],"class_list":["post-6685","post","type-post","status-publish","format-standard","has-post-thumbnail","hentry","category-uudised"],"aioseo_notices":[],"_links":{"self":[{"href":"https:\/\/klaasikunst.ee\/index.php?rest_route=\/wp\/v2\/posts\/6685","targetHints":{"allow":["GET"]}}],"collection":[{"href":"https:\/\/klaasikunst.ee\/index.php?rest_route=\/wp\/v2\/posts"}],"about":[{"href":"https:\/\/klaasikunst.ee\/index.php?rest_route=\/wp\/v2\/types\/post"}],"author":[{"embeddable":true,"href":"https:\/\/klaasikunst.ee\/index.php?rest_route=\/wp\/v2\/users\/1"}],"replies":[{"embeddable":true,"href":"https:\/\/klaasikunst.ee\/index.php?rest_route=%2Fwp%2Fv2%2Fcomments&post=6685"}],"version-history":[{"count":1,"href":"https:\/\/klaasikunst.ee\/index.php?rest_route=\/wp\/v2\/posts\/6685\/revisions"}],"predecessor-version":[{"id":6686,"href":"https:\/\/klaasikunst.ee\/index.php?rest_route=\/wp\/v2\/posts\/6685\/revisions\/6686"}],"wp:featuredmedia":[{"embeddable":true,"href":"https:\/\/klaasikunst.ee\/index.php?rest_route=\/wp\/v2\/media\/6687"}],"wp:attachment":[{"href":"https:\/\/klaasikunst.ee\/index.php?rest_route=%2Fwp%2Fv2%2Fmedia&parent=6685"}],"wp:term":[{"taxonomy":"category","embeddable":true,"href":"https:\/\/klaasikunst.ee\/index.php?rest_route=%2Fwp%2Fv2%2Fcategories&post=6685"},{"taxonomy":"post_tag","embeddable":true,"href":"https:\/\/klaasikunst.ee\/index.php?rest_route=%2Fwp%2Fv2%2Ftags&post=6685"}],"curies":[{"name":"wp","href":"https:\/\/api.w.org\/{rel}","templated":true}]}}