{"id":6471,"date":"2023-10-02T12:43:01","date_gmt":"2023-10-02T10:43:01","guid":{"rendered":"https:\/\/klaasikunst.ee\/?p=6471"},"modified":"2023-10-09T12:17:25","modified_gmt":"2023-10-09T10:17:25","slug":"2023-kalli-sein-uleminek","status":"publish","type":"post","link":"https:\/\/klaasikunst.ee\/?p=6471","title":{"rendered":"2023 Kalli Sein \u00dcLEMINEK"},"content":{"rendered":"<p>Kunstiaknas avati klaasikunstnik Kalli Seina aknan\u00e4itus &#8220;\u00dcleminek.&#8221;<\/p>\n<p>Info: <a href=\"https:\/\/www.facebook.com\/kunstiaken\">Kunstiaken<\/a><\/p>\n<p>Autori selgitus:<br \/>\n\u00dcleminek t\u00e4histab \u00fchelt poolt v\u00e4rvivalikut &#8211; looduse v\u00e4rvim\u00e4ngu muutust s\u00fcgisesest k\u00fcllusest talve diskreetsesse gammasse, rohelised-punased taanduvad mustvalgesse.\u00a0Teisalt saab \u00fcleminekut m\u00f5ista ka igap\u00e4evaelu suundumuste t\u00e4hendues \u2013 \u00fcleminek pillavast tarbimisest taas- ja uuskasutusse.<\/p>\n<p>Klaas on \u00fcsna energiamahukas materjal, tema t\u00f6\u00f6tlemine n\u00f5uab suurt temperatuuri ja lihvimine k\u00f5vu t\u00f6\u00f6riitu ning tublisti aega. Kuid klaas on l\u00f5putult taaskasutatav \u2013 seda materjali saab ikka ja j\u00e4lle \u00fcles sulatada, \u2019\u00fcmberkeeta\u2019 ja taas peaaegu samas kvaliteedis uuesti luua.<br \/>\nOma stuudios olen juba mitu aastat p\u00fchendanud t\u00e4helepanu j\u00e4\u00e4givabale loomingule ja taaskasutusele.<\/p>\n<p>Siinsed klaasvormid on k\u00fcll loodud uuest materjalist, kuid k\u00f5ik j\u00e4\u00e4gid-killud, mis klaasi l\u00f5ikamisel j\u00e4\u00e4vad, on ka \u00e4ra kasutatud. Seda v\u00f5imaldab erinevate tehnikate kombineerimine, klaasvormidel olevad triibud-lehekesed on valmistatud l\u00f5ikamisel j\u00e4\u00e4nud kildudest. Akna ees rippuvad kuulikesed samuti.\u00a0Ka klaastopsid on valmistatud k\u00f5ik klaasistuudio j\u00e4\u00e4kidest.<\/p>\n<p>\u00dcleminek tarbimiselt hoidmisele.\u00a0Kui kodune klaasese puruneb, siis tasub uurida, kuidas saab sellele anda uue elu. Sest klaasil on elusid palju. Nagu kassidelgi.<\/p>\n","protected":false},"excerpt":{"rendered":"<p>Kunstiaknas avati klaasikunstnik Kalli Seina aknan\u00e4itus &#8220;\u00dcleminek.&#8221; Info: Kunstiaken Autori selgitus: \u00dcleminek t\u00e4histab \u00fchelt poolt v\u00e4rvivalikut &#8211; looduse v\u00e4rvim\u00e4ngu muutust s\u00fcgisesest k\u00fcllusest talve diskreetsesse gammasse, rohelised-punased taanduvad mustvalgesse.\u00a0Teisalt saab \u00fcleminekut m\u00f5ista ka igap\u00e4evaelu suundumuste t\u00e4hendues \u2013 \u00fcleminek pillavast tarbimisest taas- ja uuskasutusse. Klaas on \u00fcsna energiamahukas materjal, tema t\u00f6\u00f6tlemine n\u00f5uab suurt temperatuuri ja lihvimine k\u00f5vu [&hellip;]<\/p>\n","protected":false},"author":1,"featured_media":6472,"comment_status":"closed","ping_status":"closed","sticky":false,"template":"","format":"standard","meta":{"footnotes":""},"categories":[2],"tags":[],"class_list":["post-6471","post","type-post","status-publish","format-standard","has-post-thumbnail","hentry","category-uudised"],"aioseo_notices":[],"_links":{"self":[{"href":"https:\/\/klaasikunst.ee\/index.php?rest_route=\/wp\/v2\/posts\/6471","targetHints":{"allow":["GET"]}}],"collection":[{"href":"https:\/\/klaasikunst.ee\/index.php?rest_route=\/wp\/v2\/posts"}],"about":[{"href":"https:\/\/klaasikunst.ee\/index.php?rest_route=\/wp\/v2\/types\/post"}],"author":[{"embeddable":true,"href":"https:\/\/klaasikunst.ee\/index.php?rest_route=\/wp\/v2\/users\/1"}],"replies":[{"embeddable":true,"href":"https:\/\/klaasikunst.ee\/index.php?rest_route=%2Fwp%2Fv2%2Fcomments&post=6471"}],"version-history":[{"count":3,"href":"https:\/\/klaasikunst.ee\/index.php?rest_route=\/wp\/v2\/posts\/6471\/revisions"}],"predecessor-version":[{"id":6487,"href":"https:\/\/klaasikunst.ee\/index.php?rest_route=\/wp\/v2\/posts\/6471\/revisions\/6487"}],"wp:featuredmedia":[{"embeddable":true,"href":"https:\/\/klaasikunst.ee\/index.php?rest_route=\/wp\/v2\/media\/6472"}],"wp:attachment":[{"href":"https:\/\/klaasikunst.ee\/index.php?rest_route=%2Fwp%2Fv2%2Fmedia&parent=6471"}],"wp:term":[{"taxonomy":"category","embeddable":true,"href":"https:\/\/klaasikunst.ee\/index.php?rest_route=%2Fwp%2Fv2%2Fcategories&post=6471"},{"taxonomy":"post_tag","embeddable":true,"href":"https:\/\/klaasikunst.ee\/index.php?rest_route=%2Fwp%2Fv2%2Ftags&post=6471"}],"curies":[{"name":"wp","href":"https:\/\/api.w.org\/{rel}","templated":true}]}}