{"id":6346,"date":"2023-02-10T10:37:25","date_gmt":"2023-02-10T08:37:25","guid":{"rendered":"https:\/\/klaasikunst.ee\/?p=6346"},"modified":"2023-02-10T10:41:17","modified_gmt":"2023-02-10T08:41:17","slug":"2023-malle-karik-hallimae-ja-eili-soon-kumab","status":"publish","type":"post","link":"https:\/\/klaasikunst.ee\/?p=6346","title":{"rendered":"2023 Malle Karik-Hallim\u00e4e ja Eili Soon. KUMAB"},"content":{"rendered":"<p><strong>Raplamaa Kaasaegse Kunsti Keskuses, (Tallinna mnt.3b, Rapla, Espaki maja 3. korrusel) avatakse reedel, 3.veebruaril kell 18.00 Eesti Klaasikunstnike \u00dchenduse liikmete Eili Soone ja Malle Karik-Hallim\u00e4e n\u00e4itus \u201eKumab\u201c.<\/strong><\/p>\n<p>N\u00e4ituse kohta \u00fctlevad kunstnikud, et \u201eLeiame sisemist kindlust j\u00e4\u00e4des iseenda poolt loodud uude v\u00e4rvilistest klaasidest koosnevasse, s\u00fcgavasse ja peegelduvasse maailma. Siin on rahu ning samas ka natuke p\u00f5nevat \u00e4revustunnet, mis paneb meid s\u00fcgaval sisimas r\u00f5\u00f5mu tundma, aga samas ka uusi v\u00e4ljakutseid leidma. N\u00e4ituse vaataja kogeb uusi vorme ja mustreid, valguse ja varju koosk\u00f5la, klaasi sisse vaatamise s\u00fcgavust ning kelmikat helki s\u00e4ravalt klaaspinnalt.\u201c<\/p>\n<p>Eili Soon (s. 1983) on l\u00f5petanud Eesti Kunstiakadeemia klaasikunsti eriala bakalaureuse\u00f5ppe ning kunsti- ja kunstiajaloo \u00f5petaja magistri\u00f5ppe. Alates 2010. aastast t\u00f6\u00f6tab ta Olustvere m\u00f5isa klaasi- ja keraamikastuudios. Eili Soon on \u00fcks v\u00e4hestest klaasikunstnikest Eestis, kellel on \u00fcle 13-aastane klaasipuhumise kogemus.<\/p>\n<p>Malle Karik-Hallim\u00e4e (s. 1959) on l\u00f5petanud 1985. aastal tollase Eesti Riikliku Kunstiinstituudi (ERKI) klaasikunsti erialal ja tegeleb sellest ajast vabakutselise klaasikunstnikuna. Ta on osalenud n\u00e4itustel alates 1988. aastast. Tema loomingusse kuulub nii tarbeesemeid kui ka v\u00e4ikesem\u00f5\u00f5tmelisi dekoratiivvorme ja skulptuure. T\u00f6\u00f6de valmistamiseks kasutab ta kuum- ja k\u00fclmt\u00f6\u00f6tlustehnikaid. Kuumt\u00f6\u00f6tlustehnikas t\u00f6\u00f6d on viimastel aastatel valminud Olustvere Klaasikojas.<\/p>\n<p>T\u00e4name: Raplamaa Kaasegse Kunsti Keskus, Eesti Kultuurkapital, Kairi Orgusaar, Riin Pallon, Kati Kersna, Aivar Jalandi, Marcus Pertel.<\/p>\n<p>N\u00e4itus on avatud<br \/>\nT-P 15.00-18.00 03. veebruar \u2013 26. veebruar 2023<br \/>\nRaplamaa Kaasaegse Kunsti Keskuses, Tallinna mnt. 3b, Rapla<\/p>\n<p><a href=\"http:\/\/rapalkunst.eu\">raplakunst.eu<\/a><\/p>\n<p>Fotod n\u00e4itusest\u00a0 (Mati Hiis):<\/p>\n<p><a href=\"https:\/\/www.facebook.com\/photo\/?fbid=712801640509508&amp;set=pcb.712804143842591\">https:\/\/www.facebook.com\/photo\/?fbid=712801640509508&amp;set=pcb.712804143842591<\/a><\/p>\n","protected":false},"excerpt":{"rendered":"<p>Raplamaa Kaasaegse Kunsti Keskuses, (Tallinna mnt.3b, Rapla, Espaki maja 3. korrusel) avatakse reedel, 3.veebruaril kell 18.00 Eesti Klaasikunstnike \u00dchenduse liikmete Eili Soone ja Malle Karik-Hallim\u00e4e n\u00e4itus \u201eKumab\u201c. N\u00e4ituse kohta \u00fctlevad kunstnikud, et \u201eLeiame sisemist kindlust j\u00e4\u00e4des iseenda poolt loodud uude v\u00e4rvilistest klaasidest koosnevasse, s\u00fcgavasse ja peegelduvasse maailma. Siin on rahu ning samas ka natuke p\u00f5nevat [&hellip;]<\/p>\n","protected":false},"author":1,"featured_media":6347,"comment_status":"closed","ping_status":"closed","sticky":false,"template":"","format":"standard","meta":{"footnotes":""},"categories":[2],"tags":[],"class_list":["post-6346","post","type-post","status-publish","format-standard","has-post-thumbnail","hentry","category-uudised"],"aioseo_notices":[],"_links":{"self":[{"href":"https:\/\/klaasikunst.ee\/index.php?rest_route=\/wp\/v2\/posts\/6346","targetHints":{"allow":["GET"]}}],"collection":[{"href":"https:\/\/klaasikunst.ee\/index.php?rest_route=\/wp\/v2\/posts"}],"about":[{"href":"https:\/\/klaasikunst.ee\/index.php?rest_route=\/wp\/v2\/types\/post"}],"author":[{"embeddable":true,"href":"https:\/\/klaasikunst.ee\/index.php?rest_route=\/wp\/v2\/users\/1"}],"replies":[{"embeddable":true,"href":"https:\/\/klaasikunst.ee\/index.php?rest_route=%2Fwp%2Fv2%2Fcomments&post=6346"}],"version-history":[{"count":3,"href":"https:\/\/klaasikunst.ee\/index.php?rest_route=\/wp\/v2\/posts\/6346\/revisions"}],"predecessor-version":[{"id":6355,"href":"https:\/\/klaasikunst.ee\/index.php?rest_route=\/wp\/v2\/posts\/6346\/revisions\/6355"}],"wp:featuredmedia":[{"embeddable":true,"href":"https:\/\/klaasikunst.ee\/index.php?rest_route=\/wp\/v2\/media\/6347"}],"wp:attachment":[{"href":"https:\/\/klaasikunst.ee\/index.php?rest_route=%2Fwp%2Fv2%2Fmedia&parent=6346"}],"wp:term":[{"taxonomy":"category","embeddable":true,"href":"https:\/\/klaasikunst.ee\/index.php?rest_route=%2Fwp%2Fv2%2Fcategories&post=6346"},{"taxonomy":"post_tag","embeddable":true,"href":"https:\/\/klaasikunst.ee\/index.php?rest_route=%2Fwp%2Fv2%2Ftags&post=6346"}],"curies":[{"name":"wp","href":"https:\/\/api.w.org\/{rel}","templated":true}]}}