{"id":6184,"date":"2022-11-05T15:21:29","date_gmt":"2022-11-05T13:21:29","guid":{"rendered":"https:\/\/klaasikunst.ee\/?p=6184"},"modified":"2022-11-05T16:48:31","modified_gmt":"2022-11-05T14:48:31","slug":"2022-tunnustatud-klaasikunstnik-on-kati-kerstna","status":"publish","type":"post","link":"https:\/\/klaasikunst.ee\/?p=6184","title":{"rendered":"2022 Tunnustatud klaasikunstnik 2020\/2021 on Kati Kerstna!"},"content":{"rendered":"<p>Juba k\u00fcmnendat korda andis Eesti Klaasikunstnike \u00dchendus v\u00e4lja aunimetust &#8220;Tunnustatud klaasikunstnik&#8221;. Tunnustust jagatakse \u00fcle kahe aasta keskendudes laureaadi selgitamisel tema loomingule ja erialasele tegevusele just viimastel aastatel. Keerukatele koroona-aastatele 2020 ja 2021 tagasi vaadates valis Eesti Klaasikunstnike \u00dchendus aunimetuse nominentideks <strong>Merle Kannuse, Kati Kerstna <\/strong>ja <strong>Rait Pr\u00e4\u00e4tsa.<\/strong><\/p>\n<p>V\u00f5itja kuulutati v\u00e4lja kolme nominendi \u00fchisn\u00e4ituse \u201cEmpiiria\u201d avamisel 2. novembril Okapi galeriis.\u00a0Tunnustuse p\u00e4lvis Kati Kerstna. \u201cLaureaadiks osutunud Kati Kerstna looming on m\u00f5jus ja afektiivne.\u00a0Tema sotsiaalselt tundlikud t\u00f6\u00f6d t\u00f5statavad mitmeid olulisi t\u00e4nap\u00e4evaseid teemasid, n\u00e4iteks haakub tema viimaste aastate looming meie \u00fchiskonda painava keskkonnakriisiga. Viimasel ajal on ta tegelenud s\u00fcsteemselt k\u00e4e\/peopesa-motiiviga, mis on \u00fcks leidlik kujund, sest see on avatud korraga vastandlikele lugemisviisidele. Kerstna k\u00e4ed viitavad \u00fcheltpoolt hoidmisele, hellitamisele (a la ema soojad k\u00e4ed, v\u00f5i loodushoid), aga teisipidi on need rabedad, kohmakad, saamatud, \u00fcleelusuuruses k\u00e4ed. Nagu ka meie inimkonnana oleme k\u00fcll teadlikud nt liikide h\u00e4vimisest, kuid siiski saamatud looduslikku mitmekesisust s\u00e4ilitama. Kerstna kombineerib oskuslikult klaasi, valgust, heli ja teisi materjale. Lisaks on erakordselt t\u00e4nuv\u00e4\u00e4rne Kerstna t\u00f6\u00f6 n\u00e4ituste korraldaja ja kuraatorina, klaasikunsti populariseerijana\u201d, kirjeldab \u017e\u00fcriiliige Karin Vicente.<\/p>\n<p>Tunnustatud klaasikunstnik saab enda hoida r\u00e4ndauhinna, klaasiettev\u00f5tted Klaasissepa O\u00dc ja Aindhooven O\u00dc annavad omalt poolt laureaadile erialaseks tegevuseks hoogu kinkekaartidega. \u017d\u00fcriisse kuulusid sel korral Karin Vicente (kunstiteadlane, Adamson-Ericu muuseumi programmijuht-kuraator), Anneli Porri (kunstiteadlane, kunstikriitik, pedagoog), Elo Liiv (skulptor, installatsioonikunstnik, pedagoog), Tiina Sarapu (klaasikunstnik) ja Urmas Puhkan (keraamik, Eesti Kunstiakadeemia professor).<br \/>\n<strong>2022. aasta on \u00dcRO poolt kuulutatud rahvusvaheliseks klaasiaastaks<\/strong>. Sellel pika ajalooga materjalil on asendamatu roll paljudes valdkondades (tehnoloogia, majandus, keskkond, kultuur, meditsiin jne). Eesti Klaasikunstnike \u00dchenduse s\u00fcndmused on p\u00fchendatud rahvusvahelisele klaasiaastale.Lisainfo:<\/p>\n<p><a href=\"https:\/\/okapi.us1.list-manage.com\/track\/click?u=78a766a6081d1f3df9edee88d&amp;id=e075a5f03d&amp;e=7685bf6782\" target=\"_blank\" rel=\"noopener\">Fotod n\u00e4ituse avamisest<\/a>\u00a0(Temuri Hvingija)<\/p>\n<p>Pressiteate koostas Tiina Sarapu<br \/>\n<a href=\"http:\/\/www.okapi.ee\/\">www.okapi.ee<\/a><\/p>\n","protected":false},"excerpt":{"rendered":"<p>Juba k\u00fcmnendat korda andis Eesti Klaasikunstnike \u00dchendus v\u00e4lja aunimetust &#8220;Tunnustatud klaasikunstnik&#8221;. Tunnustust jagatakse \u00fcle kahe aasta keskendudes laureaadi selgitamisel tema loomingule ja erialasele tegevusele just viimastel aastatel. Keerukatele koroona-aastatele 2020 ja 2021 tagasi vaadates valis Eesti Klaasikunstnike \u00dchendus aunimetuse nominentideks Merle Kannuse, Kati Kerstna ja Rait Pr\u00e4\u00e4tsa. V\u00f5itja kuulutati v\u00e4lja kolme nominendi \u00fchisn\u00e4ituse \u201cEmpiiria\u201d avamisel [&hellip;]<\/p>\n","protected":false},"author":1,"featured_media":6186,"comment_status":"closed","ping_status":"closed","sticky":false,"template":"","format":"standard","meta":{"footnotes":""},"categories":[10,2],"tags":[],"class_list":["post-6184","post","type-post","status-publish","format-standard","has-post-thumbnail","hentry","category-tunnustatud-klaasikunstnik","category-uudised"],"aioseo_notices":[],"_links":{"self":[{"href":"https:\/\/klaasikunst.ee\/index.php?rest_route=\/wp\/v2\/posts\/6184","targetHints":{"allow":["GET"]}}],"collection":[{"href":"https:\/\/klaasikunst.ee\/index.php?rest_route=\/wp\/v2\/posts"}],"about":[{"href":"https:\/\/klaasikunst.ee\/index.php?rest_route=\/wp\/v2\/types\/post"}],"author":[{"embeddable":true,"href":"https:\/\/klaasikunst.ee\/index.php?rest_route=\/wp\/v2\/users\/1"}],"replies":[{"embeddable":true,"href":"https:\/\/klaasikunst.ee\/index.php?rest_route=%2Fwp%2Fv2%2Fcomments&post=6184"}],"version-history":[{"count":3,"href":"https:\/\/klaasikunst.ee\/index.php?rest_route=\/wp\/v2\/posts\/6184\/revisions"}],"predecessor-version":[{"id":6193,"href":"https:\/\/klaasikunst.ee\/index.php?rest_route=\/wp\/v2\/posts\/6184\/revisions\/6193"}],"wp:featuredmedia":[{"embeddable":true,"href":"https:\/\/klaasikunst.ee\/index.php?rest_route=\/wp\/v2\/media\/6186"}],"wp:attachment":[{"href":"https:\/\/klaasikunst.ee\/index.php?rest_route=%2Fwp%2Fv2%2Fmedia&parent=6184"}],"wp:term":[{"taxonomy":"category","embeddable":true,"href":"https:\/\/klaasikunst.ee\/index.php?rest_route=%2Fwp%2Fv2%2Fcategories&post=6184"},{"taxonomy":"post_tag","embeddable":true,"href":"https:\/\/klaasikunst.ee\/index.php?rest_route=%2Fwp%2Fv2%2Ftags&post=6184"}],"curies":[{"name":"wp","href":"https:\/\/api.w.org\/{rel}","templated":true}]}}