{"id":61,"date":"2013-08-26T18:13:28","date_gmt":"2013-08-26T18:13:28","guid":{"rendered":"http:\/\/klaasikunst.ee\/?p=61"},"modified":"2013-11-02T10:29:18","modified_gmt":"2013-11-02T10:29:18","slug":"2013-karin-molder-sai-esimese-preemia-naitusel-glasplastik-und-garten","status":"publish","type":"post","link":"https:\/\/klaasikunst.ee\/?p=61","title":{"rendered":"2013 Karin M\u00f6lder sai esimese preemia n\u00e4itusel GLASPLASTIK UND GARTEN"},"content":{"rendered":"<p>Sozialministerin Cornelia Rundt er\u00f6ffnete gemeinsam mit B\u00fcrgermeister Adolf K\u00f6the am 17. August um 16.00 Uhr die 9.Internationale Ausstellung GLASPLASTIK UND GARTEN 2013.<br \/>\nW\u00e4hrend der Er\u00f6ffnungsfeier vor weit \u00fcber 1500 begeisterten Besucherinnen und Besuchern hat Frau Dr. Holthaus das Ergebnis der Juryberatung bekanntgegeben.<br \/>\nDen Kunstpreis 2013 teilen sich zwei K\u00fcnstlerinnen und zwei K\u00fcnstler f\u00fcr ihre in der Ausstellung gezeigten Kunstwerke:<!--more--><\/p>\n<p>1. Preis (2.000 \u20ac):<br \/>\nKarin M\u00f6lder f\u00fcr die Objekte:<br \/>\n\u201eWater-Thoughts\u201c und \u201e2 x 2\u201c<\/p>\n<p>1. Preis (2.000 \u20ac):<br \/>\nPer Ren\u00e9 Larsen f\u00fcr sein Objekt:<br \/>\n\u201eSomething with lenses\u201c<\/p>\n<p>2. Preis (1.000 \u20ac):<br \/>\nSylvia Kopka f\u00fcr ihre Objekte:<br \/>\n\u201eIntroversion\u201c und \u201eExtraversion\u201c<\/p>\n<p>2. Preis (1.000 \u20ac):<br \/>\nWladimir Klein f\u00fcr sein Objekt:<br \/>\n\u201eMoon-Ship\u201c.<\/p>\n<p>Frau M\u00f6lders, Wladimir Klein und Per Ren\u00e9 Larsen waren anwesend und konnten aus der Hand von Sozialministerin Rundt, Frau Dr. Holthaus und B\u00fcrgermeister K\u00f6the die Gl\u00fcckw\u00fcnsche, Blumen und nat\u00fcrlich das Preisgeld in Empfang nehmen.<br \/>\nDie Jury w\u00fcrdigte das insgesamt hohe k\u00fcnstlerische Niveau der gezeigten Arbeiten. Es sei eine einzigartige Schau zeitgen\u00f6ssischer Glaskunst f\u00fcr den Au\u00dfenraum und die Atmosph\u00e4re in Munster, die Begeisterung der K\u00fcnstlerinnen und K\u00fcnstler wie auch der schon w\u00e4hrend der Aufbauzeit durch das Ausstellungsgel\u00e4nde wandernden Munsteraner sei unvergleichbar. Nat\u00fcrlich wurde nicht nur zwischen den K\u00fcnstlerinnen und K\u00fcnstlern, sondern auch unter den anwesenden Besucherinnen und Besuchern die Entscheidung der Jury diskutiert, aber \u00fcberwiegend positiv aufgenommen.<\/p>\n","protected":false},"excerpt":{"rendered":"<p>Sozialministerin Cornelia Rundt er\u00f6ffnete gemeinsam mit B\u00fcrgermeister Adolf K\u00f6the am 17. August um 16.00 Uhr die 9.Internationale Ausstellung GLASPLASTIK UND GARTEN 2013. W\u00e4hrend der Er\u00f6ffnungsfeier vor weit \u00fcber 1500 begeisterten Besucherinnen und Besuchern hat Frau Dr. Holthaus das Ergebnis der Juryberatung bekanntgegeben. Den Kunstpreis 2013 teilen sich zwei K\u00fcnstlerinnen und zwei K\u00fcnstler f\u00fcr ihre in [&hellip;]<\/p>\n","protected":false},"author":1,"featured_media":0,"comment_status":"open","ping_status":"open","sticky":false,"template":"","format":"standard","meta":{"footnotes":""},"categories":[2],"tags":[36,37,17],"class_list":["post-61","post","type-post","status-publish","format-standard","hentry","category-uudised","tag-karin-molder","tag-preemiad","tag-valisnaitused"],"aioseo_notices":[],"_links":{"self":[{"href":"https:\/\/klaasikunst.ee\/index.php?rest_route=\/wp\/v2\/posts\/61","targetHints":{"allow":["GET"]}}],"collection":[{"href":"https:\/\/klaasikunst.ee\/index.php?rest_route=\/wp\/v2\/posts"}],"about":[{"href":"https:\/\/klaasikunst.ee\/index.php?rest_route=\/wp\/v2\/types\/post"}],"author":[{"embeddable":true,"href":"https:\/\/klaasikunst.ee\/index.php?rest_route=\/wp\/v2\/users\/1"}],"replies":[{"embeddable":true,"href":"https:\/\/klaasikunst.ee\/index.php?rest_route=%2Fwp%2Fv2%2Fcomments&post=61"}],"version-history":[{"count":2,"href":"https:\/\/klaasikunst.ee\/index.php?rest_route=\/wp\/v2\/posts\/61\/revisions"}],"predecessor-version":[{"id":1040,"href":"https:\/\/klaasikunst.ee\/index.php?rest_route=\/wp\/v2\/posts\/61\/revisions\/1040"}],"wp:attachment":[{"href":"https:\/\/klaasikunst.ee\/index.php?rest_route=%2Fwp%2Fv2%2Fmedia&parent=61"}],"wp:term":[{"taxonomy":"category","embeddable":true,"href":"https:\/\/klaasikunst.ee\/index.php?rest_route=%2Fwp%2Fv2%2Fcategories&post=61"},{"taxonomy":"post_tag","embeddable":true,"href":"https:\/\/klaasikunst.ee\/index.php?rest_route=%2Fwp%2Fv2%2Ftags&post=61"}],"curies":[{"name":"wp","href":"https:\/\/api.w.org\/{rel}","templated":true}]}}