{"id":5942,"date":"2022-05-17T19:52:47","date_gmt":"2022-05-17T17:52:47","guid":{"rendered":"https:\/\/klaasikunst.ee\/?p=5942"},"modified":"2022-05-17T20:09:02","modified_gmt":"2022-05-17T18:09:02","slug":"2022-aastanaitus-varv-punane-2-0","status":"publish","type":"post","link":"https:\/\/klaasikunst.ee\/?p=5942","title":{"rendered":"2022 aastan\u00e4itus V\u00c4RV &#8211; PUNANE 2.0"},"content":{"rendered":"<p><strong>Kohtla-J\u00e4rve P\u00f5levkivimuuseumi Valges saalis<\/strong><br \/>\n<strong>15.05 &#8211; 11.06. 2022<\/strong><\/p>\n<p>M\u00f6\u00f6da Eestimaa erinevaid n\u00e4itusepaiku r\u00e4ndav Eesti Klaasikunstnike \u00dchenduse aastan\u00e4itus teeb sel aastal oma deb\u00fc\u00fcdi Ida-Virumaal. Tegu on j\u00e4tkuga EKK\u00dc 2020. aastan\u00e4itusele \u201eV\u00e4rv \u2013 PUNANE\u201c, mis toimus Tallinnas ARS projektiruumis.<\/p>\n<p>Osalevad kunstnikud:\u00a0<strong>Aleksandra Ehrensv\u00e4rd,\u00a0<\/strong><strong>Anna-Maria Vaino,\u00a0<\/strong><strong>Birgit P\u00e4hlapuu,\u00a0<\/strong><strong>Eili Soon,\u00a0<\/strong><strong>Kai Kiudsoo-V\u00e4rv,\u00a0<\/strong><strong>Kairi Orgusaar,\u00a0<\/strong><strong>Kati Kerstna,\u00a0<\/strong><strong>Kersti Vaks,\u00a0<\/strong><strong>Malle Karik-Hallim\u00e4e,\u00a0<\/strong><strong>Maret Sarapu,\u00a0<\/strong><strong>Merle Kannus,\u00a0<\/strong><strong>Piret Ellamaa,\u00a0<\/strong><strong>Piret Uibotalu,\u00a0<\/strong><strong>Rait L\u00f5hmus,\u00a0<\/strong><strong>Riho H\u00fctt,\u00a0<\/strong><strong>Tiia P\u00f5ldmets,\u00a0<\/strong><strong>Tiina Sarapu,\u00a0<\/strong><strong>Sofi Ar\u0161as.\u00a0<\/strong><br \/>\nKuraator ja peakorraldaja:<strong>\u00a0<\/strong><strong>Maarja M\u00e4emets.<\/strong><\/p>\n<p>N\u00e4ituse toimumist toetas Kultuurkapital.<\/p>\n<p>Fotod: Rait L\u00f5hmus<\/p>\n\n\t\t<style type=\"text\/css\">\n\t\t\t#gallery-1 {\n\t\t\t\tmargin: auto;\n\t\t\t}\n\t\t\t#gallery-1 .gallery-item {\n\t\t\t\tfloat: left;\n\t\t\t\tmargin-top: 10px;\n\t\t\t\ttext-align: center;\n\t\t\t\twidth: 20%;\n\t\t\t}\n\t\t\t#gallery-1 img {\n\t\t\t\tborder: 2px solid #cfcfcf;\n\t\t\t}\n\t\t\t#gallery-1 .gallery-caption {\n\t\t\t\tmargin-left: 0;\n\t\t\t}\n\t\t\t\/* see gallery_shortcode() in wp-includes\/media.php *\/\n\t\t<\/style>\n\t\t<div id='gallery-1' class='gallery galleryid-5942 gallery-columns-5 gallery-size-thumbnail'><dl class='gallery-item'>\n\t\t\t<dt class='gallery-icon portrait'>\n\t\t\t\t<a href='https:\/\/klaasikunst.ee\/wp-content\/uploads\/2022\/05\/281179974_5488466087832663_2161478079338780272_n.jpg'><img loading=\"lazy\" decoding=\"async\" width=\"150\" height=\"150\" src=\"https:\/\/klaasikunst.ee\/wp-content\/uploads\/2022\/05\/281179974_5488466087832663_2161478079338780272_n-150x150.jpg\" class=\"attachment-thumbnail size-thumbnail\" alt=\"\" \/><\/a>\n\t\t\t<\/dt><\/dl><dl class='gallery-item'>\n\t\t\t<dt class='gallery-icon landscape'>\n\t\t\t\t<a href='https:\/\/klaasikunst.ee\/wp-content\/uploads\/2022\/05\/281209231_5488466331165972_6397773888425331264_n.jpg'><img loading=\"lazy\" decoding=\"async\" width=\"150\" height=\"150\" src=\"https:\/\/klaasikunst.ee\/wp-content\/uploads\/2022\/05\/281209231_5488466331165972_6397773888425331264_n-150x150.jpg\" class=\"attachment-thumbnail size-thumbnail\" alt=\"\" \/><\/a>\n\t\t\t<\/dt><\/dl><dl class='gallery-item'>\n\t\t\t<dt class='gallery-icon portrait'>\n\t\t\t\t<a href='https:\/\/klaasikunst.ee\/wp-content\/uploads\/2022\/05\/281649977_5488466457832626_2385899776358628250_n.jpg'><img loading=\"lazy\" decoding=\"async\" width=\"150\" height=\"150\" src=\"https:\/\/klaasikunst.ee\/wp-content\/uploads\/2022\/05\/281649977_5488466457832626_2385899776358628250_n-150x150.jpg\" class=\"attachment-thumbnail size-thumbnail\" alt=\"\" \/><\/a>\n\t\t\t<\/dt><\/dl><dl class='gallery-item'>\n\t\t\t<dt class='gallery-icon portrait'>\n\t\t\t\t<a href='https:\/\/klaasikunst.ee\/wp-content\/uploads\/2022\/05\/280718412_5488483001164305_4640203410913308270_n.jpg'><img loading=\"lazy\" decoding=\"async\" width=\"150\" height=\"150\" src=\"https:\/\/klaasikunst.ee\/wp-content\/uploads\/2022\/05\/280718412_5488483001164305_4640203410913308270_n-150x150.jpg\" class=\"attachment-thumbnail size-thumbnail\" alt=\"\" \/><\/a>\n\t\t\t<\/dt><\/dl><dl class='gallery-item'>\n\t\t\t<dt class='gallery-icon landscape'>\n\t\t\t\t<a href='https:\/\/klaasikunst.ee\/wp-content\/uploads\/2022\/05\/280798786_5488466154499323_7511996604725897987_n.jpg'><img loading=\"lazy\" decoding=\"async\" width=\"150\" height=\"150\" src=\"https:\/\/klaasikunst.ee\/wp-content\/uploads\/2022\/05\/280798786_5488466154499323_7511996604725897987_n-150x150.jpg\" class=\"attachment-thumbnail size-thumbnail\" alt=\"\" \/><\/a>\n\t\t\t<\/dt><\/dl><br style=\"clear: both\" \/><dl class='gallery-item'>\n\t\t\t<dt class='gallery-icon landscape'>\n\t\t\t\t<a href='https:\/\/klaasikunst.ee\/wp-content\/uploads\/2022\/05\/280940536_5488518804494058_8544294746867951142_n.jpg'><img loading=\"lazy\" decoding=\"async\" width=\"150\" height=\"150\" src=\"https:\/\/klaasikunst.ee\/wp-content\/uploads\/2022\/05\/280940536_5488518804494058_8544294746867951142_n-150x150.jpg\" class=\"attachment-thumbnail size-thumbnail\" alt=\"\" \/><\/a>\n\t\t\t<\/dt><\/dl><dl class='gallery-item'>\n\t\t\t<dt class='gallery-icon landscape'>\n\t\t\t\t<a href='https:\/\/klaasikunst.ee\/wp-content\/uploads\/2022\/05\/280948970_5488466354499303_2309121018199614445_n.jpg'><img loading=\"lazy\" decoding=\"async\" width=\"150\" height=\"150\" src=\"https:\/\/klaasikunst.ee\/wp-content\/uploads\/2022\/05\/280948970_5488466354499303_2309121018199614445_n-150x150.jpg\" class=\"attachment-thumbnail size-thumbnail\" alt=\"\" \/><\/a>\n\t\t\t<\/dt><\/dl><dl class='gallery-item'>\n\t\t\t<dt class='gallery-icon landscape'>\n\t\t\t\t<a href='https:\/\/klaasikunst.ee\/wp-content\/uploads\/2022\/05\/280952919_5488466097832662_7290849070306659832_n.jpg'><img loading=\"lazy\" decoding=\"async\" width=\"150\" height=\"150\" src=\"https:\/\/klaasikunst.ee\/wp-content\/uploads\/2022\/05\/280952919_5488466097832662_7290849070306659832_n-150x150.jpg\" class=\"attachment-thumbnail size-thumbnail\" alt=\"\" \/><\/a>\n\t\t\t<\/dt><\/dl><dl class='gallery-item'>\n\t\t\t<dt class='gallery-icon landscape'>\n\t\t\t\t<a href='https:\/\/klaasikunst.ee\/wp-content\/uploads\/2022\/05\/280988574_5488487094497229_2680859072548334570_n.jpg'><img loading=\"lazy\" decoding=\"async\" width=\"150\" height=\"150\" src=\"https:\/\/klaasikunst.ee\/wp-content\/uploads\/2022\/05\/280988574_5488487094497229_2680859072548334570_n-150x150.jpg\" class=\"attachment-thumbnail size-thumbnail\" alt=\"\" \/><\/a>\n\t\t\t<\/dt><\/dl>\n\t\t\t<br style='clear: both' \/>\n\t\t<\/div>\n\n","protected":false},"excerpt":{"rendered":"<p>Kohtla-J\u00e4rve P\u00f5levkivimuuseumi Valges saalis 15.05 &#8211; 11.06. 2022 M\u00f6\u00f6da Eestimaa erinevaid n\u00e4itusepaiku r\u00e4ndav Eesti Klaasikunstnike \u00dchenduse aastan\u00e4itus teeb sel aastal oma deb\u00fc\u00fcdi Ida-Virumaal. Tegu on j\u00e4tkuga EKK\u00dc 2020. aastan\u00e4itusele \u201eV\u00e4rv \u2013 PUNANE\u201c, mis toimus Tallinnas ARS projektiruumis. Osalevad kunstnikud:\u00a0Aleksandra Ehrensv\u00e4rd,\u00a0Anna-Maria Vaino,\u00a0Birgit P\u00e4hlapuu,\u00a0Eili Soon,\u00a0Kai Kiudsoo-V\u00e4rv,\u00a0Kairi Orgusaar,\u00a0Kati Kerstna,\u00a0Kersti Vaks,\u00a0Malle Karik-Hallim\u00e4e,\u00a0Maret Sarapu,\u00a0Merle Kannus,\u00a0Piret Ellamaa,\u00a0Piret Uibotalu,\u00a0Rait L\u00f5hmus,\u00a0Riho H\u00fctt,\u00a0Tiia P\u00f5ldmets,\u00a0Tiina [&hellip;]<\/p>\n","protected":false},"author":1,"featured_media":5946,"comment_status":"closed","ping_status":"closed","sticky":false,"template":"","format":"standard","meta":{"footnotes":""},"categories":[8,2],"tags":[],"class_list":["post-5942","post","type-post","status-publish","format-standard","has-post-thumbnail","hentry","category-aastanaitused","category-uudised"],"aioseo_notices":[],"_links":{"self":[{"href":"https:\/\/klaasikunst.ee\/index.php?rest_route=\/wp\/v2\/posts\/5942","targetHints":{"allow":["GET"]}}],"collection":[{"href":"https:\/\/klaasikunst.ee\/index.php?rest_route=\/wp\/v2\/posts"}],"about":[{"href":"https:\/\/klaasikunst.ee\/index.php?rest_route=\/wp\/v2\/types\/post"}],"author":[{"embeddable":true,"href":"https:\/\/klaasikunst.ee\/index.php?rest_route=\/wp\/v2\/users\/1"}],"replies":[{"embeddable":true,"href":"https:\/\/klaasikunst.ee\/index.php?rest_route=%2Fwp%2Fv2%2Fcomments&post=5942"}],"version-history":[{"count":6,"href":"https:\/\/klaasikunst.ee\/index.php?rest_route=\/wp\/v2\/posts\/5942\/revisions"}],"predecessor-version":[{"id":5971,"href":"https:\/\/klaasikunst.ee\/index.php?rest_route=\/wp\/v2\/posts\/5942\/revisions\/5971"}],"wp:featuredmedia":[{"embeddable":true,"href":"https:\/\/klaasikunst.ee\/index.php?rest_route=\/wp\/v2\/media\/5946"}],"wp:attachment":[{"href":"https:\/\/klaasikunst.ee\/index.php?rest_route=%2Fwp%2Fv2%2Fmedia&parent=5942"}],"wp:term":[{"taxonomy":"category","embeddable":true,"href":"https:\/\/klaasikunst.ee\/index.php?rest_route=%2Fwp%2Fv2%2Fcategories&post=5942"},{"taxonomy":"post_tag","embeddable":true,"href":"https:\/\/klaasikunst.ee\/index.php?rest_route=%2Fwp%2Fv2%2Ftags&post=5942"}],"curies":[{"name":"wp","href":"https:\/\/api.w.org\/{rel}","templated":true}]}}