{"id":57,"date":"2013-09-19T18:02:07","date_gmt":"2013-09-19T18:02:07","guid":{"rendered":"http:\/\/klaasikunst.ee\/?p=57"},"modified":"2014-02-25T18:34:13","modified_gmt":"2014-02-25T18:34:13","slug":"2013-kristiina-uslar-naitusel-zugehorig-saksamaal","status":"publish","type":"post","link":"https:\/\/klaasikunst.ee\/?p=57","title":{"rendered":"2013 Kristiina Uslar n\u00e4itusel &#8220;ZUGEH\u00d6RIG!&#8221; Saksamaal"},"content":{"rendered":"<p><a href=\"http:\/\/klaasikunst.ee\/wp-content\/uploads\/2013\/09\/674.png\"><img loading=\"lazy\" decoding=\"async\" class=\"size-full wp-image-1085 alignright\" alt=\"674\" src=\"http:\/\/klaasikunst.ee\/wp-content\/uploads\/2013\/09\/674.png\" width=\"138\" height=\"261\" \/><\/a>09.06.2013 &#8211; 18.08.2013<br \/>\n&#8220;zugeh\u00f6rig!&#8221;<br \/>\nJahresschau 2013 des Berufsverbandes Angewandte Kunst Schleswig-Holstein e. V.<\/p>\n<p>&#8220;zugeh\u00f6rig!&#8221; ist der Titel der Jahresschau 2013 des Berufsverbandes Angewandte Kunst, die in den neu gestalteten R\u00e4umen des Museumsquartiers St. Annen vom 9. Juni bis 18. August pr\u00e4sentiert wird.<!--more--><\/p>\n<p>Der Titel reflektiert zum einen den Bezug der angewandten Kunst zum Standort der Ausstellung, dem St. Annen-Museum und seiner Sammlung, zum anderen aber auch die Position der angewandten Kunst\/ des Kunsthandwerks im zeitlichen Kontext zwischen Vergangenheit und Gegenwart. Einige der teilnehmenden K\u00fcnstler werden sich deshalb aktiv in diesen Dialog begeben und zu Werken aus dem Bestand des Museums arbeiten.<\/p>\n<div>Im Rahmen der Ausstellungser\u00f6ffnung wird der Alen-M\u00fcller-Hellwig-F\u00f6rderpreis an eine Nachwuchsk\u00fcnstlerin durch den Verband \u201eFrau und Kultur L\u00fcbeck\u201d vergeben.Das Baltikum ist in 2013 Schwerpunkt des Kultursommers Schleswig-Holsteins. Deshalb hat der Verband als G\u00e4ste f\u00fcnf K\u00fcnstlerinnen aus Estland eingeladen und setzt damit seine erfolgreichen Ostsee-Kooperationen fort.Die Internetseiten des Berufsverbands Angewandte Kunst Schleswig-Holstein e.V. finden Sie unter:<br \/>\nBerufsverband Angewandte Kunst Schleswig-Holstein e.V.<\/p>\n<p><a href=\"http:\/\/st-annen-museum.de\/de\/34\/asid:105\/ausstellung.html\" target=\"_blank\">http:\/\/st-annen-museum.de\/de\/34\/asid:105\/ausstellung.html<\/a><\/p>\n<\/div>\n","protected":false},"excerpt":{"rendered":"<p>09.06.2013 &#8211; 18.08.2013 &#8220;zugeh\u00f6rig!&#8221; Jahresschau 2013 des Berufsverbandes Angewandte Kunst Schleswig-Holstein e. V. &#8220;zugeh\u00f6rig!&#8221; ist der Titel der Jahresschau 2013 des Berufsverbandes Angewandte Kunst, die in den neu gestalteten R\u00e4umen des Museumsquartiers St. Annen vom 9. Juni bis 18. August pr\u00e4sentiert wird.<\/p>\n","protected":false},"author":1,"featured_media":0,"comment_status":"open","ping_status":"open","sticky":false,"template":"","format":"standard","meta":{"footnotes":""},"categories":[2],"tags":[16,17],"class_list":["post-57","post","type-post","status-publish","format-standard","hentry","category-uudised","tag-kristiina-uslar","tag-valisnaitused"],"aioseo_notices":[],"_links":{"self":[{"href":"https:\/\/klaasikunst.ee\/index.php?rest_route=\/wp\/v2\/posts\/57","targetHints":{"allow":["GET"]}}],"collection":[{"href":"https:\/\/klaasikunst.ee\/index.php?rest_route=\/wp\/v2\/posts"}],"about":[{"href":"https:\/\/klaasikunst.ee\/index.php?rest_route=\/wp\/v2\/types\/post"}],"author":[{"embeddable":true,"href":"https:\/\/klaasikunst.ee\/index.php?rest_route=\/wp\/v2\/users\/1"}],"replies":[{"embeddable":true,"href":"https:\/\/klaasikunst.ee\/index.php?rest_route=%2Fwp%2Fv2%2Fcomments&post=57"}],"version-history":[{"count":6,"href":"https:\/\/klaasikunst.ee\/index.php?rest_route=\/wp\/v2\/posts\/57\/revisions"}],"predecessor-version":[{"id":3681,"href":"https:\/\/klaasikunst.ee\/index.php?rest_route=\/wp\/v2\/posts\/57\/revisions\/3681"}],"wp:attachment":[{"href":"https:\/\/klaasikunst.ee\/index.php?rest_route=%2Fwp%2Fv2%2Fmedia&parent=57"}],"wp:term":[{"taxonomy":"category","embeddable":true,"href":"https:\/\/klaasikunst.ee\/index.php?rest_route=%2Fwp%2Fv2%2Fcategories&post=57"},{"taxonomy":"post_tag","embeddable":true,"href":"https:\/\/klaasikunst.ee\/index.php?rest_route=%2Fwp%2Fv2%2Ftags&post=57"}],"curies":[{"name":"wp","href":"https:\/\/api.w.org\/{rel}","templated":true}]}}