{"id":5133,"date":"2018-09-04T19:05:16","date_gmt":"2018-09-04T17:05:16","guid":{"rendered":"http:\/\/klaasikunst.ee\/?p=5133"},"modified":"2018-09-04T19:05:16","modified_gmt":"2018-09-04T17:05:16","slug":"mare-saare-ja-peeter-rudas-kuressaare-raegaleriis","status":"publish","type":"post","link":"https:\/\/klaasikunst.ee\/?p=5133","title":{"rendered":"Mare Saare ja Peeter Ruda\u0161 Kuressaare Raegaleriis"},"content":{"rendered":"<p><a href=\"http:\/\/klaasikunst.ee\/wp-content\/uploads\/2018\/09\/loikuvad-paralleelid.jpg\"><img loading=\"lazy\" decoding=\"async\" class=\"aligncenter size-full wp-image-5137\" src=\"http:\/\/klaasikunst.ee\/wp-content\/uploads\/2018\/09\/loikuvad-paralleelid.jpg\" alt=\"\" width=\"700\" height=\"550\" srcset=\"https:\/\/klaasikunst.ee\/wp-content\/uploads\/2018\/09\/loikuvad-paralleelid.jpg 700w, https:\/\/klaasikunst.ee\/wp-content\/uploads\/2018\/09\/loikuvad-paralleelid-300x236.jpg 300w, https:\/\/klaasikunst.ee\/wp-content\/uploads\/2018\/09\/loikuvad-paralleelid-624x490.jpg 624w\" sizes=\"auto, (max-width: 700px) 100vw, 700px\" \/><\/a><\/p>\n<p><strong>\u201eL\u00f5ikuvad paralleelid\u201c<br \/>\n07.09-06.10. 2018<\/strong><\/p>\n<p>Kuressaare Raegalerii s\u00fcgishooaja avavad n\u00e4itusega &#8220;L\u00f5ikuvad paralleelid&#8221; kaks suvesaarlasest klaasikunstnikku\u00a0\u2013 Mare Saare ja Peeter Ruda\u0161.\u00a0\u00a0M\u00f5lemad on v\u00e4ljapaistvad loovisikud,\u00a0\u00a0staa\u017eikad kunsti\u00f5ppej\u00f5ud, t\u00e4naseks vabakutselised kunstnikud. Saarlastele on\u00a0\u00a0enam tuntum Peeter Ruda\u0161, kes 1995. aastal rajas Saaremaale Laugu Klaasikoja ning on\u00a0\u00a0Kuressaare Raegaleriis 2000. aastal n\u00e4idanud oma\u00a0\u00a0klaaskompositsioone. &#8220;Laugu Klaasikojas on l\u00f5ikunud kahe klaasikunstniku pikka aega paralleelselt kulgenud teed ning sellest ongi saanud praegune n\u00e4itus. Kaks ellusuhtumist ning kunstnikuk\u00e4ekirja leiavad \u00fchise nimetaja klaasmaterjali ja loodusetunnetuse l\u00e4bi. M\u00f5jutused on mitmeti hoomatavad,&#8221; kommenteerib \u00fchisn\u00e4ituse s\u00fcndi klaasikojaga\u00a0\u00a02016. aastal liitunud Mare Saare.<\/p>\n<p>Raegalerii n\u00e4itusel n\u00e4eme\u00a0<strong>Peeter Ruda\u0161i<\/strong>\u00a0(1942) peamiselt puhutud vormide k\u00f5rval ka sulatatud ja lihvitud objekte, mis sageli k\u00e4sitlevad universumi teemasid \u2013 Aegruum, Objekt Z jt. Kuuma klaasi loomulikust k\u00e4itumisest tulenevad lihtsad vormid aitavad m\u00f5jule p\u00e4\u00e4seda ekspressiivsel v\u00e4rvik\u00e4sitlusel, milles on nii maalilisi pinnalahendusi kui keerukaid klaasniitidest detaile.\u00a0\u00a0Spiraalselt keerdunud v\u00e4rviliste joonte inspiratsiooniallikale viitab ka mitmete teoste \u00fchine pealkiri \u201e<em>Ciao, Venezia<\/em>\u201c \u2013 viide kunstniku viibimisele Murano saarel k\u00e4esoleva aasta kevadel.<\/p>\n<p><strong>Mare Saare`t\u00a0<\/strong>(1955) tuntakse v\u00e4rvirohkete habraste lilli meenutavate objektide ning klaasimaali ja graveeringut \u00fchendavate klaasile p\u00f5letatud fotode\u00a0\u00a0j\u00e4rgi.\u00a0N\u00fc\u00fcdseks on ta\u00a0\u00a0lisanud oma repertuaari puhutud lihtsaid vorme, millesse on tee leidnud ka p\u00f5letitehnikas \u00f5rnad v\u00e4rvilised kujundid vaheldumisi joongraveeringuga. Tema graveeritud klaasplaadid seintel on \u00e4\u00e4rmiselt tundliku ja pealiskaudsel vaatlemisel pea hoomamatu joontem\u00e4nguga. Kontrasti lisavad mustast klaasist graveeritud ja p\u00f5letatud detailid.\u00a0Raegalerii fotovalikus n\u00e4eb vaataja ka klaasipuhumisprotsessi\u00a0\u00a0tausta, kus v\u00e4rvigammast eralduvad h\u00f5\u00f5guvad\u00a0oran\u017eid-kollased-punased leegid ja klaasdetailid.<\/p>\n<p>N\u00e4itust toetab Eesti Kultuurkapital.<\/p>\n<p>N\u00e4ituse avamine toimub neljap\u00e4eval, 6. septembril kell 16.30. N\u00e4itus j\u00e4\u00e4b avatuks kuni 6. oktoobrini.<\/p>\n<p>&nbsp;<\/p>\n<p><strong>\u00a0<\/strong>Koostas: Lii Pihl<\/p>\n","protected":false},"excerpt":{"rendered":"<p>\u201eL\u00f5ikuvad paralleelid\u201c 07.09-06.10. 2018 Kuressaare Raegalerii s\u00fcgishooaja avavad n\u00e4itusega &#8220;L\u00f5ikuvad paralleelid&#8221; kaks suvesaarlasest klaasikunstnikku\u00a0\u2013 Mare Saare ja Peeter Ruda\u0161.\u00a0\u00a0M\u00f5lemad on v\u00e4ljapaistvad loovisikud,\u00a0\u00a0staa\u017eikad kunsti\u00f5ppej\u00f5ud, t\u00e4naseks vabakutselised kunstnikud. Saarlastele on\u00a0\u00a0enam tuntum Peeter Ruda\u0161, kes 1995. aastal rajas Saaremaale Laugu Klaasikoja ning on\u00a0\u00a0Kuressaare Raegaleriis 2000. aastal n\u00e4idanud oma\u00a0\u00a0klaaskompositsioone. &#8220;Laugu Klaasikojas on l\u00f5ikunud kahe klaasikunstniku pikka aega paralleelselt kulgenud [&hellip;]<\/p>\n","protected":false},"author":2,"featured_media":0,"comment_status":"closed","ping_status":"closed","sticky":false,"template":"","format":"standard","meta":{"footnotes":""},"categories":[2],"tags":[],"class_list":["post-5133","post","type-post","status-publish","format-standard","hentry","category-uudised"],"aioseo_notices":[],"_links":{"self":[{"href":"https:\/\/klaasikunst.ee\/index.php?rest_route=\/wp\/v2\/posts\/5133","targetHints":{"allow":["GET"]}}],"collection":[{"href":"https:\/\/klaasikunst.ee\/index.php?rest_route=\/wp\/v2\/posts"}],"about":[{"href":"https:\/\/klaasikunst.ee\/index.php?rest_route=\/wp\/v2\/types\/post"}],"author":[{"embeddable":true,"href":"https:\/\/klaasikunst.ee\/index.php?rest_route=\/wp\/v2\/users\/2"}],"replies":[{"embeddable":true,"href":"https:\/\/klaasikunst.ee\/index.php?rest_route=%2Fwp%2Fv2%2Fcomments&post=5133"}],"version-history":[{"count":3,"href":"https:\/\/klaasikunst.ee\/index.php?rest_route=\/wp\/v2\/posts\/5133\/revisions"}],"predecessor-version":[{"id":5138,"href":"https:\/\/klaasikunst.ee\/index.php?rest_route=\/wp\/v2\/posts\/5133\/revisions\/5138"}],"wp:attachment":[{"href":"https:\/\/klaasikunst.ee\/index.php?rest_route=%2Fwp%2Fv2%2Fmedia&parent=5133"}],"wp:term":[{"taxonomy":"category","embeddable":true,"href":"https:\/\/klaasikunst.ee\/index.php?rest_route=%2Fwp%2Fv2%2Fcategories&post=5133"},{"taxonomy":"post_tag","embeddable":true,"href":"https:\/\/klaasikunst.ee\/index.php?rest_route=%2Fwp%2Fv2%2Ftags&post=5133"}],"curies":[{"name":"wp","href":"https:\/\/api.w.org\/{rel}","templated":true}]}}