{"id":4274,"date":"2015-04-05T12:43:20","date_gmt":"2015-04-05T10:37:42","guid":{"rendered":"http:\/\/klaasikunst.ee\/?p=4274"},"modified":"2015-07-16T08:31:18","modified_gmt":"2015-07-16T06:31:18","slug":"2015-sofi-arsas-hop-galeriis","status":"publish","type":"post","link":"https:\/\/klaasikunst.ee\/?p=4274","title":{"rendered":"2015 Sofi Ar\u0161as HOP Galeriis"},"content":{"rendered":"<p><a href=\"http:\/\/klaasikunst.ee\/wp-content\/uploads\/2015\/04\/arsas.jpg\"><img loading=\"lazy\" decoding=\"async\" class=\"alignright size-medium wp-image-4277\" src=\"http:\/\/klaasikunst.ee\/wp-content\/uploads\/2015\/04\/arsas-300x216.jpg\" alt=\"arsas\" width=\"300\" height=\"216\" srcset=\"https:\/\/klaasikunst.ee\/wp-content\/uploads\/2015\/04\/arsas-300x216.jpg 300w, https:\/\/klaasikunst.ee\/wp-content\/uploads\/2015\/04\/arsas-1024x739.jpg 1024w, https:\/\/klaasikunst.ee\/wp-content\/uploads\/2015\/04\/arsas-624x450.jpg 624w, https:\/\/klaasikunst.ee\/wp-content\/uploads\/2015\/04\/arsas.jpg 1191w\" sizes=\"auto, (max-width: 300px) 100vw, 300px\" \/><\/a>PRESSITEADE<\/p>\n<p><b>SOFI AR\u0160AS<\/b><br \/>\n<b>Taevalik kookon ja maapealsed lisandid: Situatsioon II&#8221;.<\/b><br \/>\n28.03. \u2013 19.04. 2015<br \/>\nHop galerii<br \/>\nHobusepea 2<br \/>\nTallinn<\/p>\n<p><b>Reedel, 27. m\u00e4rtsil kell 17.00 avatakse Tallinnas\u00a0Hop\u00a0galeriis Sofi Ar\u0161asi isikun\u00e4itus &#8220;Taevalik kookon ja m\u00f5ned maapealsed lisandid: Situatsioon II&#8221;.<\/b><!--more--><\/p>\n<p>Avataval n\u00e4itusel saab n\u00e4ha j\u00e4rge m\u00f6\u00f6dunud aasta l\u00f5pus Tartu Kunstimajas eksponeeritud installatsioonile &#8220;Situatsioonid&#8221;.\u00a0 Autor j\u00e4tkab ohu- ja turvatundega seotud olukordade k\u00e4sitlemist, lisades seekord interaktiivse aspekti v\u00f5imalusega j\u00e4lgida n\u00e4ituse kui terviku ja \u00fcksikteose vahelist suhet vastavalt fookuse muutmisele \u00fchelt objektilt teisele.<\/p>\n<p>Lisaks kesksele videoteosele moodustavad n\u00e4ituse terviku v\u00e4iksemad klaasobjektid, mis kannavad endas s\u00fcmbolistlikku s\u00f5numit ning on tihedas seoses eelnimetatuga. Klaasobjektidest luuakse justkui v\u00e4ike omaette installatsiooniv\u00e4line ekspositsioon. N\u00e4itus n\u00e4itusel.<\/p>\n<p><i>Kauged s\u00f5numid kalvinistlikust ajaj\u00e4rgust l\u00e4bi Pieter Glaeszi maalitud vaikelude loovad silla mineviku ja t\u00e4nap\u00e4eva vahel, k\u00f5netades seel\u00e4bi iga\u00fcht, kes v\u00e4hegi selles rahutus maailmas eksistentsi \u00fcle m\u00f5tiskleda soovib.<\/i><\/p>\n<p><i>Turvaline maailm t\u00f5mbub koomale kui keeristormist kokku kuhjunud liivapuru.<\/i><\/p>\n<p><i>Argiste asjade olulisus on kaheldav ja ebakindlus homse ees muudab \u00fcmbritseva hapraks ja k\u00e4est pudenevaks.\u00a0<\/i><\/p>\n<p><i>Inimese elu kui klaaskuul, mis v\u00f5ib igal hetkel puruneda, avatud raamat, mille lehek\u00fclgede l\u00f5ppemisel l\u00f5peb ka lugu, v\u00f5i peeker, milles s\u00e4delev \u00fcksik veinitilk on kui viimne s\u00f5\u00f5m elur\u00f5\u00f5must. K\u00f5ik muutub ja teiseneb ja vahetab vormi. Tahaks m\u00e4hkida end helesinisesse kookonisse ja lasta end kanda taevalikele maastikele. Selleks, et lihtsalt olla.<\/i><\/p>\n<p>Ekspositsioonis on kasutatud videot, fotot, sulatatud ja puhutud klaasi.<\/p>\n<p><b>N\u00e4itusi Hop galeriis toetavad Eesti Kultuuriministeerium ja Eesti Kultuurkapital.<\/b><\/p>\n","protected":false},"excerpt":{"rendered":"<p>PRESSITEADE SOFI AR\u0160AS Taevalik kookon ja maapealsed lisandid: Situatsioon II&#8221;. 28.03. \u2013 19.04. 2015 Hop galerii Hobusepea 2 Tallinn Reedel, 27. m\u00e4rtsil kell 17.00 avatakse Tallinnas\u00a0Hop\u00a0galeriis Sofi Ar\u0161asi isikun\u00e4itus &#8220;Taevalik kookon ja m\u00f5ned maapealsed lisandid: Situatsioon II&#8221;.<\/p>\n","protected":false},"author":1,"featured_media":0,"comment_status":"closed","ping_status":"closed","sticky":false,"template":"","format":"standard","meta":{"footnotes":""},"categories":[2],"tags":[],"class_list":["post-4274","post","type-post","status-publish","format-standard","hentry","category-uudised"],"aioseo_notices":[],"_links":{"self":[{"href":"https:\/\/klaasikunst.ee\/index.php?rest_route=\/wp\/v2\/posts\/4274","targetHints":{"allow":["GET"]}}],"collection":[{"href":"https:\/\/klaasikunst.ee\/index.php?rest_route=\/wp\/v2\/posts"}],"about":[{"href":"https:\/\/klaasikunst.ee\/index.php?rest_route=\/wp\/v2\/types\/post"}],"author":[{"embeddable":true,"href":"https:\/\/klaasikunst.ee\/index.php?rest_route=\/wp\/v2\/users\/1"}],"replies":[{"embeddable":true,"href":"https:\/\/klaasikunst.ee\/index.php?rest_route=%2Fwp%2Fv2%2Fcomments&post=4274"}],"version-history":[{"count":4,"href":"https:\/\/klaasikunst.ee\/index.php?rest_route=\/wp\/v2\/posts\/4274\/revisions"}],"predecessor-version":[{"id":4524,"href":"https:\/\/klaasikunst.ee\/index.php?rest_route=\/wp\/v2\/posts\/4274\/revisions\/4524"}],"wp:attachment":[{"href":"https:\/\/klaasikunst.ee\/index.php?rest_route=%2Fwp%2Fv2%2Fmedia&parent=4274"}],"wp:term":[{"taxonomy":"category","embeddable":true,"href":"https:\/\/klaasikunst.ee\/index.php?rest_route=%2Fwp%2Fv2%2Fcategories&post=4274"},{"taxonomy":"post_tag","embeddable":true,"href":"https:\/\/klaasikunst.ee\/index.php?rest_route=%2Fwp%2Fv2%2Ftags&post=4274"}],"curies":[{"name":"wp","href":"https:\/\/api.w.org\/{rel}","templated":true}]}}