{"id":4161,"date":"2014-10-15T08:01:17","date_gmt":"2014-10-15T06:01:17","guid":{"rendered":"http:\/\/klaasikunst.ee\/?p=4161"},"modified":"2014-10-15T07:51:09","modified_gmt":"2014-10-15T05:51:09","slug":"tunnustatud-klaasikunstnik-20122013-on-ivo-lill","status":"publish","type":"post","link":"https:\/\/klaasikunst.ee\/?p=4161","title":{"rendered":"Tunnustatud Klaasikunstnik 2012\/2013 on Ivo Lill!"},"content":{"rendered":"<div id=\"attachment_4163\" style=\"width: 310px\" class=\"wp-caption alignright\"><a href=\"http:\/\/klaasikunst.ee\/wp-content\/uploads\/2014\/09\/ivo1.jpg\"><img loading=\"lazy\" decoding=\"async\" aria-describedby=\"caption-attachment-4163\" class=\"wp-image-4163 size-medium\" src=\"http:\/\/klaasikunst.ee\/wp-content\/uploads\/2014\/09\/ivo1-300x199.jpg\" alt=\"ivo1\" width=\"300\" height=\"199\" srcset=\"https:\/\/klaasikunst.ee\/wp-content\/uploads\/2014\/09\/ivo1-300x199.jpg 300w, https:\/\/klaasikunst.ee\/wp-content\/uploads\/2014\/09\/ivo1-624x414.jpg 624w, https:\/\/klaasikunst.ee\/wp-content\/uploads\/2014\/09\/ivo1.jpg 960w\" sizes=\"auto, (max-width: 300px) 100vw, 300px\" \/><\/a><p id=\"caption-attachment-4163\" class=\"wp-caption-text\">Foto: Kati Kerstna<\/p><\/div>\n<p>Eesti Klaasikunstnike \u00dchendus andis kuuendat korda v\u00e4lja preemia, millega tunnustatakse professionaalseid klaasikunstnikke nende erialase k\u00f5rgetasemelise tegevuse eest kahe eelneva aasta loomingulise tegevuse p\u00f5hjal.<\/p>\n<p><strong>Aasta 2014 Tunnustatud Klaasikunstniku aunimetuse\u00a0p\u00e4lvis Ivo Lill!<\/strong><strong><br \/>\n<\/strong><!--more--><\/p>\n<p>Tema loomingu erilisus seisneb k\u00fclmt\u00f6\u00f6tlustehnikates teostatud f\u00fc\u00fcsiliselt \u00fcliraskete klaasskulptuuride optilise kerguse ja \u00f5huliselt ulmelise tulemuse saavutamises.<\/p>\n<p>Ta on esinenud mitmetel rahvusvahelistel ja kodumaistel isik- ja \u00fchisn\u00e4itustel ning osalenud mainekatel konkursidel. 2013 aastal esines ta suurejooneliste isikn\u00e4itustega\u201dKlaaskuul &#8211; Cool Glass\u201d, Tallinna Kunstihoone galeriis ja \u201eKontrasty\u201c \u2013 \u00dclevenemaalises rahva- ja tarbekunstimuuseumis Moskvas. 2013 aastal valiti Ivo Lill Venemaa Kunstide akadeemia auakadeemikuks.<\/p>\n<p>Nominentide \u00f5nnitlemine ja r\u00e4ndauhinna \u00fcleandmine \u00a0toimus P\u00e4rnus Uue Kunsti muuseumis rahvusvahelise klaasikunsti n\u00e4ituse 2D avamise raames.<\/p>\n<p>\u017d\u00fcriisse kuulusid Tallinna Kunstihoone juhataja Karin Hallas-Murula, Eesti Kunstnike Liidu esindajana Jaan Elken, <em>kultuurisaadete<\/em>\u00a0toimetusest Mariina M\u00e4lk, Eesti Tarbekunsti- ja Disainimuuseumi direktor Kai Lobjakas, kunstiteadlane Heili S\u00f5rmus ning Eesti Klaasikunstnike \u00dchenduse juhataja Sofi Ar\u0161as.<\/p>\n<p>Tunnustatud klaasikunstniku \u00a0aunimetuse on varem p\u00e4lvinud Mare Saare, Tiina Sarapu, Rait Pr\u00e4\u00e4ts, Kai Kiudsoo-V\u00e4rv ja Eeva K\u00e4sper.<\/p>\n<p>&nbsp;<\/p>\n<p>&nbsp;<\/p>\n<p>Sofi Ar\u0161as<\/p>\n<p>EKK\u00dc juhatus<\/p>\n","protected":false},"excerpt":{"rendered":"<p>Eesti Klaasikunstnike \u00dchendus andis kuuendat korda v\u00e4lja preemia, millega tunnustatakse professionaalseid klaasikunstnikke nende erialase k\u00f5rgetasemelise tegevuse eest kahe eelneva aasta loomingulise tegevuse p\u00f5hjal. Aasta 2014 Tunnustatud Klaasikunstniku aunimetuse\u00a0p\u00e4lvis Ivo Lill!<\/p>\n","protected":false},"author":1,"featured_media":0,"comment_status":"closed","ping_status":"closed","sticky":false,"template":"","format":"standard","meta":{"footnotes":""},"categories":[10,2],"tags":[],"class_list":["post-4161","post","type-post","status-publish","format-standard","hentry","category-tunnustatud-klaasikunstnik","category-uudised"],"aioseo_notices":[],"_links":{"self":[{"href":"https:\/\/klaasikunst.ee\/index.php?rest_route=\/wp\/v2\/posts\/4161","targetHints":{"allow":["GET"]}}],"collection":[{"href":"https:\/\/klaasikunst.ee\/index.php?rest_route=\/wp\/v2\/posts"}],"about":[{"href":"https:\/\/klaasikunst.ee\/index.php?rest_route=\/wp\/v2\/types\/post"}],"author":[{"embeddable":true,"href":"https:\/\/klaasikunst.ee\/index.php?rest_route=\/wp\/v2\/users\/1"}],"replies":[{"embeddable":true,"href":"https:\/\/klaasikunst.ee\/index.php?rest_route=%2Fwp%2Fv2%2Fcomments&post=4161"}],"version-history":[{"count":4,"href":"https:\/\/klaasikunst.ee\/index.php?rest_route=\/wp\/v2\/posts\/4161\/revisions"}],"predecessor-version":[{"id":4181,"href":"https:\/\/klaasikunst.ee\/index.php?rest_route=\/wp\/v2\/posts\/4161\/revisions\/4181"}],"wp:attachment":[{"href":"https:\/\/klaasikunst.ee\/index.php?rest_route=%2Fwp%2Fv2%2Fmedia&parent=4161"}],"wp:term":[{"taxonomy":"category","embeddable":true,"href":"https:\/\/klaasikunst.ee\/index.php?rest_route=%2Fwp%2Fv2%2Fcategories&post=4161"},{"taxonomy":"post_tag","embeddable":true,"href":"https:\/\/klaasikunst.ee\/index.php?rest_route=%2Fwp%2Fv2%2Ftags&post=4161"}],"curies":[{"name":"wp","href":"https:\/\/api.w.org\/{rel}","templated":true}]}}