{"id":251,"date":"2010-10-27T09:34:32","date_gmt":"2010-10-27T09:34:32","guid":{"rendered":"http:\/\/klaasikunst.ee\/?p=251"},"modified":"2014-01-29T11:20:13","modified_gmt":"2014-01-29T11:20:13","slug":"010-tunnustatud-klaasikunstnik-20082009-on-kai-kiudsoo-varv","status":"publish","type":"post","link":"https:\/\/klaasikunst.ee\/?p=251","title":{"rendered":"2010 Tunnustatud klaasikunstnik 2008\/2009 on Kai Kiudsoo-V\u00e4rv"},"content":{"rendered":"<p><a href=\"http:\/\/klaasikunst.ee\/wp-content\/uploads\/2013\/10\/593.png\"><img loading=\"lazy\" decoding=\"async\" class=\"size-medium wp-image-257 alignright\" alt=\"593\" src=\"http:\/\/klaasikunst.ee\/wp-content\/uploads\/2013\/10\/593-300x211.png\" width=\"300\" height=\"211\" srcset=\"https:\/\/klaasikunst.ee\/wp-content\/uploads\/2013\/10\/593-300x211.png 300w, https:\/\/klaasikunst.ee\/wp-content\/uploads\/2013\/10\/593.png 545w\" sizes=\"auto, (max-width: 300px) 100vw, 300px\" \/><\/a>Eesti Klaasikunstnike \u00dchendus<br \/>\nPRESSITEADE<br \/>\n27.10.2010<\/p>\n<p>Eesti Klaasikunstnike \u00dchendus kuulutas neljandat korda v\u00e4lja aunimetuse \u201cTunnustatud klaasikunstnik\u201d laureaadi. Tunnustuse p\u00e4lvis Kai Kiudsoo-V\u00e4rv silmapaistva loomingulise tegevuse eest klaasikunsti alal viimase kahe aasta jooksul.<!--more--><\/p>\n<p>Kai Kiudsoo-V\u00e4rvi looming on eelk\u00f5ige hingestatud ja sisutihe, kuid p\u00fc\u00fcab t\u00e4helepanu ka ebatavaliste tehniliste lahenduste ja materjalikasutusega. Ta esines 2008. aastal isikun\u00e4itusega \u201cSinule\u201d Hop galeriis, on osalenud mitmel n\u00e4itusel nii Eestis kui mujal, kureerinud EKK\u00dc aastan\u00e4itust \u201cRahvuslik p\u00e4rand\u201d ja loonud teoseid Tallinna Peeter-Pauli kiriku akendele.<\/p>\n<p>\u017d\u00fcriisse kuulusid kunstiteadlased Kai Lobjakas, Harry Liivrand ja Heie Treier, ehtekunstnik Tanel Veenre ja klaasikunstnike \u00fchenduse esindaja Merle Bukovec.<\/p>\n<p>Preemia, millega kaasnes Eesti Kultuurkapitali stipendium, anti \u00fcle Eesti Klaasikunstnike \u00dchenduse aastan\u00e4ituse \u201cOlekud\u201d avamisel Disaini- ja Arhitektuurigaleriis 25. oktoobril 2010.<br \/>\nPreemia statuut on k\u00e4ttesaadav EKK\u00dc kodulehel www.klaasikunst.ee \/Dokumendid<\/p>\n<p>Teate koostas Merle Bukovec<\/p>\n","protected":false},"excerpt":{"rendered":"<p>Eesti Klaasikunstnike \u00dchendus PRESSITEADE 27.10.2010 Eesti Klaasikunstnike \u00dchendus kuulutas neljandat korda v\u00e4lja aunimetuse \u201cTunnustatud klaasikunstnik\u201d laureaadi. Tunnustuse p\u00e4lvis Kai Kiudsoo-V\u00e4rv silmapaistva loomingulise tegevuse eest klaasikunsti alal viimase kahe aasta jooksul.<\/p>\n","protected":false},"author":1,"featured_media":0,"comment_status":"closed","ping_status":"closed","sticky":false,"template":"","format":"standard","meta":{"footnotes":""},"categories":[10,2],"tags":[49],"class_list":["post-251","post","type-post","status-publish","format-standard","hentry","category-tunnustatud-klaasikunstnik","category-uudised","tag-kai-kiudsoo-varv"],"aioseo_notices":[],"_links":{"self":[{"href":"https:\/\/klaasikunst.ee\/index.php?rest_route=\/wp\/v2\/posts\/251","targetHints":{"allow":["GET"]}}],"collection":[{"href":"https:\/\/klaasikunst.ee\/index.php?rest_route=\/wp\/v2\/posts"}],"about":[{"href":"https:\/\/klaasikunst.ee\/index.php?rest_route=\/wp\/v2\/types\/post"}],"author":[{"embeddable":true,"href":"https:\/\/klaasikunst.ee\/index.php?rest_route=\/wp\/v2\/users\/1"}],"replies":[{"embeddable":true,"href":"https:\/\/klaasikunst.ee\/index.php?rest_route=%2Fwp%2Fv2%2Fcomments&post=251"}],"version-history":[{"count":4,"href":"https:\/\/klaasikunst.ee\/index.php?rest_route=\/wp\/v2\/posts\/251\/revisions"}],"predecessor-version":[{"id":2840,"href":"https:\/\/klaasikunst.ee\/index.php?rest_route=\/wp\/v2\/posts\/251\/revisions\/2840"}],"wp:attachment":[{"href":"https:\/\/klaasikunst.ee\/index.php?rest_route=%2Fwp%2Fv2%2Fmedia&parent=251"}],"wp:term":[{"taxonomy":"category","embeddable":true,"href":"https:\/\/klaasikunst.ee\/index.php?rest_route=%2Fwp%2Fv2%2Fcategories&post=251"},{"taxonomy":"post_tag","embeddable":true,"href":"https:\/\/klaasikunst.ee\/index.php?rest_route=%2Fwp%2Fv2%2Ftags&post=251"}],"curies":[{"name":"wp","href":"https:\/\/api.w.org\/{rel}","templated":true}]}}