{"id":243,"date":"2011-01-12T11:39:44","date_gmt":"2011-01-12T09:16:52","guid":{"rendered":"http:\/\/klaasikunst.ee\/?p=243"},"modified":"2014-01-29T11:39:09","modified_gmt":"2014-01-29T11:39:09","slug":"2011-kateriin-rikken-varjatud-praod-hop-galeriis","status":"publish","type":"post","link":"https:\/\/klaasikunst.ee\/?p=243","title":{"rendered":"2011 Kateriin Rikken VARJATUD PRAOD Hop galeriis"},"content":{"rendered":"<div id=\"attachment_269\" style=\"width: 210px\" class=\"wp-caption alignright\"><a href=\"http:\/\/klaasikunst.ee\/wp-content\/uploads\/2013\/10\/608.png\"><img loading=\"lazy\" decoding=\"async\" aria-describedby=\"caption-attachment-269\" class=\"size-medium wp-image-269\" alt=\"Valgusti sarjast &quot;Varjatud praod&quot;. Foto: Siim Solovjov\" src=\"http:\/\/klaasikunst.ee\/wp-content\/uploads\/2013\/10\/608-200x300.png\" width=\"200\" height=\"300\" srcset=\"https:\/\/klaasikunst.ee\/wp-content\/uploads\/2013\/10\/608-200x300.png 200w, https:\/\/klaasikunst.ee\/wp-content\/uploads\/2013\/10\/608.png 545w\" sizes=\"auto, (max-width: 200px) 100vw, 200px\" \/><\/a><p id=\"caption-attachment-269\" class=\"wp-caption-text\">Valgusti sarjast &#8220;Varjatud praod&#8221;. Foto: Siim Solovjov<\/p><\/div>\n<p>Kateriin Rikken<br \/>\nVARJATUD PRAOD<br \/>\n14.01. \u2013 1.02. 2010<br \/>\nHOP galerii<br \/>\nHobusepea 2<br \/>\nTallinn<\/p>\n<p>N\u00e4ituse avamine 13. jaanuaril kell 17.00.<\/p>\n<p>Alates reedest saab Hop galeriis vaadata noore klaasikunstniku Kateriin Rikkeni loomingut. Esitamisele tulevad valgustid ja valgusobjektid, milles on k\u00f5rvutatud mehaaniline korrektsus ja juhuslikkuse n\u00f5tkus.<\/p>\n<p><!--more--><\/p>\n<div>\nKateriin Rikken on \u00f5ppinud Eesti Kunstiakadeemias ja Taani Disainikoolis. P\u00e4rast nelja aastat Skandinaavias tekkis otsus elada ja t\u00f6\u00f6tada Eestis. N\u00e4itust \u201eVarjatud praod\u201c nimetab kunstnik kui tervitust kodumaale.<\/p>\n<p>K\u00f5ik n\u00e4itusel osalevad t\u00f6\u00f6d on puhutud klaasist, millel on kasutatud kraklee tehnikat. Kraklee t\u00e4hendab vee piserdamist kuumale klaasile tekitamaks \u00f5rnad praod. Mingi tasemeni on see teostatav, kuid kui lasta klaasil liiga kaua jahtuda v\u00f5i piserdada suurtemates kogustes vett, l\u00f5ppeb see t\u00f6\u00f6 purunemisega. Tulemuseks on esmapilgul k\u00f5hklusi tekitavad katkised klaasit\u00fckid, millele kunstnik on valgustite n\u00e4ol andnud uued esteetilised ja praktilised m\u00f5\u00f5tmed.<\/p>\n<p>Minu t\u00f6\u00f6d on inspireeritud ambivalentsuse teooriast. Situatsioonidest, kus \u00fche eseme v\u00f5i olukorra vastu tuntakse samaaegselt nii positiivseid kui ka negatiivseid emotsioone. Ka t\u00f6\u00f6de valmistamisel on tuntav vastandamine, kus on tugevalt eiratud klaasipuhumisreegleid. Need t\u00f6\u00f6d n\u00e4itavad, kuidas n\u00e4htamatust saab n\u00e4htav, katkisest terve.<br \/>\n\/Kateriin Rikken\/<\/p>\n<p>N\u00e4itusi Hop galeriis toetab Eesti Kultuuriministeerium.<\/p>\n<p>Lisainfo:<br \/>\nMaria Valdma<br \/>\nHOP galerii<br \/>\ntel: +372 6462887<br \/>\ne-mail: www.eaa.ee\/hop<br \/>\n<a href=\"javascript:secureDecryptAndNavigate('qQ7pEqZdLPSUsEsPut+dqMq01+51Ww7kTLAtoEHsBPp738YrmTgqRBRbCspellaBF097OuwzaPL+12xfJr7oG0w=', '3676280a68af271c25ee9598e755fddfbbd9da6cbad6358d6a6319c7119140f6')\">hop [at] eaa [dot] ee<\/a><\/p>\n<p>Tanel Veenre &#8220;M\u00f5ranenud maastikud&#8221;, EPL 15.01.11:<br \/>\n<a href=\"http:\/\/www.epl.ee\/artikkel\/591001\" target=\"_blank\">http:\/\/www.epl.ee\/artikkel\/591001<\/a><\/p>\n<\/div>\n","protected":false},"excerpt":{"rendered":"<p>Kateriin Rikken VARJATUD PRAOD 14.01. \u2013 1.02. 2010 HOP galerii Hobusepea 2 Tallinn N\u00e4ituse avamine 13. jaanuaril kell 17.00. Alates reedest saab Hop galeriis vaadata noore klaasikunstniku Kateriin Rikkeni loomingut. Esitamisele tulevad valgustid ja valgusobjektid, milles on k\u00f5rvutatud mehaaniline korrektsus ja juhuslikkuse n\u00f5tkus.<\/p>\n","protected":false},"author":1,"featured_media":0,"comment_status":"open","ping_status":"open","sticky":false,"template":"","format":"standard","meta":{"footnotes":""},"categories":[2],"tags":[38],"class_list":["post-243","post","type-post","status-publish","format-standard","hentry","category-uudised","tag-kateriin-rikken"],"aioseo_notices":[],"_links":{"self":[{"href":"https:\/\/klaasikunst.ee\/index.php?rest_route=\/wp\/v2\/posts\/243","targetHints":{"allow":["GET"]}}],"collection":[{"href":"https:\/\/klaasikunst.ee\/index.php?rest_route=\/wp\/v2\/posts"}],"about":[{"href":"https:\/\/klaasikunst.ee\/index.php?rest_route=\/wp\/v2\/types\/post"}],"author":[{"embeddable":true,"href":"https:\/\/klaasikunst.ee\/index.php?rest_route=\/wp\/v2\/users\/1"}],"replies":[{"embeddable":true,"href":"https:\/\/klaasikunst.ee\/index.php?rest_route=%2Fwp%2Fv2%2Fcomments&post=243"}],"version-history":[{"count":4,"href":"https:\/\/klaasikunst.ee\/index.php?rest_route=\/wp\/v2\/posts\/243\/revisions"}],"predecessor-version":[{"id":2856,"href":"https:\/\/klaasikunst.ee\/index.php?rest_route=\/wp\/v2\/posts\/243\/revisions\/2856"}],"wp:attachment":[{"href":"https:\/\/klaasikunst.ee\/index.php?rest_route=%2Fwp%2Fv2%2Fmedia&parent=243"}],"wp:term":[{"taxonomy":"category","embeddable":true,"href":"https:\/\/klaasikunst.ee\/index.php?rest_route=%2Fwp%2Fv2%2Fcategories&post=243"},{"taxonomy":"post_tag","embeddable":true,"href":"https:\/\/klaasikunst.ee\/index.php?rest_route=%2Fwp%2Fv2%2Ftags&post=243"}],"curies":[{"name":"wp","href":"https:\/\/api.w.org\/{rel}","templated":true}]}}