{"id":1677,"date":"2004-04-27T12:03:11","date_gmt":"2004-04-27T16:47:35","guid":{"rendered":"http:\/\/klaasikunst.ee\/?p=1677"},"modified":"2014-01-20T18:38:27","modified_gmt":"2014-01-20T18:38:27","slug":"2004-fookus","status":"publish","type":"post","link":"https:\/\/klaasikunst.ee\/?p=1677","title":{"rendered":"2004 Fookus"},"content":{"rendered":"<p><a href=\"http:\/\/klaasikunst.ee\/wp-content\/uploads\/2014\/01\/100.png\"><br \/>\n<\/a> <a href=\"http:\/\/klaasikunst.ee\/wp-content\/uploads\/2014\/01\/99.png\"><br \/>\n<\/a> <a href=\"http:\/\/klaasikunst.ee\/wp-content\/uploads\/2014\/01\/98.png\"><img loading=\"lazy\" decoding=\"async\" class=\"size-medium wp-image-2152 alignright\" alt=\"98\" src=\"http:\/\/klaasikunst.ee\/wp-content\/uploads\/2014\/01\/98-300x208.png\" width=\"300\" height=\"208\" srcset=\"https:\/\/klaasikunst.ee\/wp-content\/uploads\/2014\/01\/98-300x208.png 300w, https:\/\/klaasikunst.ee\/wp-content\/uploads\/2014\/01\/98.png 545w\" sizes=\"auto, (max-width: 300px) 100vw, 300px\" \/><\/a>K\u00f5igile aktiivsetele klaasikunstnikele, Eesti Klaasikunstnike \u00dchenduse liikmetele!!!<\/p>\n<p>Aastal 2004, 12. augustist \u2013 23. augustini toimub tuttavas Hobusepea Galeriis Eesti Klaasikunstnike \u00dchenduse poolt korraldatav\u00a0miniklaasin\u00e4itus (taskun\u00e4itus) FOOKUS.<!--more--><\/p>\n<p><a href=\"http:\/\/klaasikunst.ee\/wp-content\/uploads\/2014\/01\/100.png\"><img loading=\"lazy\" decoding=\"async\" class=\"alignleft\" alt=\"100\" src=\"http:\/\/klaasikunst.ee\/wp-content\/uploads\/2014\/01\/100-300x231.png\" width=\"300\" height=\"231\" \/><a href=\"http:\/\/klaasikunst.ee\/wp-content\/uploads\/2014\/01\/99.png\"><img loading=\"lazy\" decoding=\"async\" class=\"alignleft\" alt=\"99\" src=\"http:\/\/klaasikunst.ee\/wp-content\/uploads\/2014\/01\/99-300x245.png\" width=\"300\" height=\"245\" \/><\/a>Mis on fookus?<br \/>\nLd focus on kolle, tulease.<br \/>\nTULIPUNKT &#8211; SEE, MIS ON KELLELEGI T\u00c4HTIS<br \/>\nF\u00fc\u00fcs. Punkt, millesse koonduvad l\u00e4\u00e4tsedele v\u00f5i peeglitele langevad paralleelsed kiired p\u00e4rast murdumist v\u00f5i peegeldumist.<br \/>\nKESKENDAMINE \u2013 SEE MIS KEDAGI K\u00d6IDAB<br \/>\nFookustama, ehk fokuseerima, fookusesse seadma, kujutist teravdama.<br \/>\nKuid miks ka mitte hookus-pookus!<\/p>\n<p><a href=\"http:\/\/klaasikunst.ee\/wp-content\/uploads\/2014\/01\/101.png\"><img loading=\"lazy\" decoding=\"async\" class=\"alignleft\" alt=\"101\" src=\"http:\/\/klaasikunst.ee\/wp-content\/uploads\/2014\/01\/101-300x247.png\" width=\"300\" height=\"247\" \/><\/a>\u00dclesandeks on niisiis luua v\u00e4ikesem\u00f5\u00f5duline tervikteos teemal FOOKUS.<br \/>\nT\u00f6\u00f6 maksimaalne suurus v\u00f5ib olla 10 x 10 x 10 cm, v\u00f5ib esitada ka t\u00f6\u00f6de seeriaid, kus \u00fche eseme m\u00f5\u00f5t v\u00f5ib olla kuni 10 x 10 x 10 cm.<br \/>\nNad v\u00f5ivad olla tasapinnalised v\u00f5i ruumilised.<br \/>\nTehnikates piiranguid ei ole.<\/p>\n<p>Valmis t\u00f6\u00f6d n\u00e4itusele tuleb tuua 9. augusti \u00f5htupoolsel ajal Hobusepea Galeriisse, kuid eks t\u00e4psem info tuleb t\u00e4htaja l\u00e4henedes.<\/p>\n<p>Osalemise soovist sellel n\u00e4itusel tahaksime teada 30. jaanuariks 2004.<br \/>\n(Oma otsusest v\u00f5ib koheselt teatada.)<br \/>\nEesti Kunstnike Liidu Klaasikunstnike \u00dchingu postkasti.<\/p>\n<p>v\u00f5i meilida:<\/p>\n<p><a href=\"javascript:secureDecryptAndNavigate('\/mwsLYXDTP2qv\/SjzRfScvbO1Uq4iMzMzkp8eMRvrnV9xXMECST4TlR1JiNmcL4rJBH+Z99ks7539A5yrFKxCY1iS4XX', '3676280a68af271c25ee9598e755fddfbbd9da6cbad6358d6a6319c7119140f6')\">evekoha [at] hot [dot] ee<\/a><\/p>\n<p>Eve Koha<br \/>\nn\u00e4ituse FOOKUS kuraator.<\/p>\n<div><\/div>\n<div><\/div>\n","protected":false},"excerpt":{"rendered":"<p>K\u00f5igile aktiivsetele klaasikunstnikele, Eesti Klaasikunstnike \u00dchenduse liikmetele!!! Aastal 2004, 12. augustist \u2013 23. augustini toimub tuttavas Hobusepea Galeriis Eesti Klaasikunstnike \u00dchenduse poolt korraldatav\u00a0miniklaasin\u00e4itus (taskun\u00e4itus) FOOKUS.<\/p>\n","protected":false},"author":1,"featured_media":0,"comment_status":"closed","ping_status":"open","sticky":false,"template":"","format":"standard","meta":{"footnotes":""},"categories":[8,2],"tags":[],"class_list":["post-1677","post","type-post","status-publish","format-standard","hentry","category-aastanaitused","category-uudised"],"aioseo_notices":[],"_links":{"self":[{"href":"https:\/\/klaasikunst.ee\/index.php?rest_route=\/wp\/v2\/posts\/1677","targetHints":{"allow":["GET"]}}],"collection":[{"href":"https:\/\/klaasikunst.ee\/index.php?rest_route=\/wp\/v2\/posts"}],"about":[{"href":"https:\/\/klaasikunst.ee\/index.php?rest_route=\/wp\/v2\/types\/post"}],"author":[{"embeddable":true,"href":"https:\/\/klaasikunst.ee\/index.php?rest_route=\/wp\/v2\/users\/1"}],"replies":[{"embeddable":true,"href":"https:\/\/klaasikunst.ee\/index.php?rest_route=%2Fwp%2Fv2%2Fcomments&post=1677"}],"version-history":[{"count":4,"href":"https:\/\/klaasikunst.ee\/index.php?rest_route=\/wp\/v2\/posts\/1677\/revisions"}],"predecessor-version":[{"id":2203,"href":"https:\/\/klaasikunst.ee\/index.php?rest_route=\/wp\/v2\/posts\/1677\/revisions\/2203"}],"wp:attachment":[{"href":"https:\/\/klaasikunst.ee\/index.php?rest_route=%2Fwp%2Fv2%2Fmedia&parent=1677"}],"wp:term":[{"taxonomy":"category","embeddable":true,"href":"https:\/\/klaasikunst.ee\/index.php?rest_route=%2Fwp%2Fv2%2Fcategories&post=1677"},{"taxonomy":"post_tag","embeddable":true,"href":"https:\/\/klaasikunst.ee\/index.php?rest_route=%2Fwp%2Fv2%2Ftags&post=1677"}],"curies":[{"name":"wp","href":"https:\/\/api.w.org\/{rel}","templated":true}]}}