{"id":1664,"date":"2004-06-15T12:12:39","date_gmt":"2004-06-15T16:40:57","guid":{"rendered":"http:\/\/klaasikunst.ee\/?p=1664"},"modified":"2013-11-05T16:55:44","modified_gmt":"2013-11-05T16:55:44","slug":"2004-tunnustatud-klaasikunstnik-2002-2003-on-mare-saare","status":"publish","type":"post","link":"https:\/\/klaasikunst.ee\/?p=1664","title":{"rendered":"2004 Tunnustatud klaasikunstnik 2002-2003 on Mare Saare"},"content":{"rendered":"<p><a href=\"http:\/\/klaasikunst.ee\/wp-content\/uploads\/2013\/11\/86.png\"><img loading=\"lazy\" decoding=\"async\" class=\"size-medium wp-image-1688 alignright\" alt=\"86\" src=\"http:\/\/klaasikunst.ee\/wp-content\/uploads\/2013\/11\/86-300x243.png\" width=\"300\" height=\"243\" srcset=\"https:\/\/klaasikunst.ee\/wp-content\/uploads\/2013\/11\/86-300x243.png 300w, https:\/\/klaasikunst.ee\/wp-content\/uploads\/2013\/11\/86.png 545w\" sizes=\"auto, (max-width: 300px) 100vw, 300px\" \/><\/a> <a href=\"http:\/\/klaasikunst.ee\/wp-content\/uploads\/2013\/11\/87.png\"><br \/>\n<\/a><a href=\"http:\/\/klaasikunst.ee\/wp-content\/uploads\/2013\/11\/88.png\"><br \/>\n<\/a>Esmakordselt omistatava aunimetuse &#8220;Tunnustatud klaasikunstnik&#8221; p\u00e4lvis 2002\u20132003 aasta tegevuse eest Mare Saare!<\/p>\n<p>Palju \u00f5nne, Mare!!!<br \/>\n<!--more--><\/p>\n<p><a href=\"http:\/\/klaasikunst.ee\/wp-content\/uploads\/2013\/11\/88.png\"><img loading=\"lazy\" decoding=\"async\" alt=\"88\" src=\"http:\/\/klaasikunst.ee\/wp-content\/uploads\/2013\/11\/88-300x222.png\" width=\"300\" height=\"222\" \/><\/a>\u00a0<a href=\"http:\/\/klaasikunst.ee\/wp-content\/uploads\/2013\/11\/87.png\"><img loading=\"lazy\" decoding=\"async\" alt=\"87\" src=\"http:\/\/klaasikunst.ee\/wp-content\/uploads\/2013\/11\/87-300x193.png\" width=\"300\" height=\"193\" \/><\/a><\/p>\n<p>V\u00e4\u00e4rikateks konkurentideks olid Meeli K\u00f5iva, Ivo Lill, Rait Pr\u00e4\u00e4ts ja Maie-Ann Raun.<br \/>\nZh\u00fcriiliikmed tegid valiku nominentide poolt koostatud albumite abil, salajaselt ja individuaalselt.<br \/>\nZh\u00fcrii koosseisu kuulusid Kai Lobjakas ja Ketli Tiitsaar Eesti Tarbekunsti- ja Disainimuuseumist, Liina Siib ja Maarja Undusk Eesti Kunstnike Liidust ning Harry Liivrand Eesti Ekspressist.<\/p>\n<p>Aunimetuse omistamine ja sellega kaasneva auhinna \u00fcleandmine toimub 12. augustil Hobusepea galeriis EKK\u00dc aastan\u00e4ituse &#8220;Fookus&#8221; avamisel.<\/p>\n<div><\/div>\n<div><\/div>\n","protected":false},"excerpt":{"rendered":"<p>Esmakordselt omistatava aunimetuse &#8220;Tunnustatud klaasikunstnik&#8221; p\u00e4lvis 2002\u20132003 aasta tegevuse eest Mare Saare! Palju \u00f5nne, Mare!!!<\/p>\n","protected":false},"author":1,"featured_media":0,"comment_status":"closed","ping_status":"open","sticky":false,"template":"","format":"standard","meta":{"footnotes":""},"categories":[10,2],"tags":[],"class_list":["post-1664","post","type-post","status-publish","format-standard","hentry","category-tunnustatud-klaasikunstnik","category-uudised"],"aioseo_notices":[],"_links":{"self":[{"href":"https:\/\/klaasikunst.ee\/index.php?rest_route=\/wp\/v2\/posts\/1664","targetHints":{"allow":["GET"]}}],"collection":[{"href":"https:\/\/klaasikunst.ee\/index.php?rest_route=\/wp\/v2\/posts"}],"about":[{"href":"https:\/\/klaasikunst.ee\/index.php?rest_route=\/wp\/v2\/types\/post"}],"author":[{"embeddable":true,"href":"https:\/\/klaasikunst.ee\/index.php?rest_route=\/wp\/v2\/users\/1"}],"replies":[{"embeddable":true,"href":"https:\/\/klaasikunst.ee\/index.php?rest_route=%2Fwp%2Fv2%2Fcomments&post=1664"}],"version-history":[{"count":5,"href":"https:\/\/klaasikunst.ee\/index.php?rest_route=\/wp\/v2\/posts\/1664\/revisions"}],"predecessor-version":[{"id":1700,"href":"https:\/\/klaasikunst.ee\/index.php?rest_route=\/wp\/v2\/posts\/1664\/revisions\/1700"}],"wp:attachment":[{"href":"https:\/\/klaasikunst.ee\/index.php?rest_route=%2Fwp%2Fv2%2Fmedia&parent=1664"}],"wp:term":[{"taxonomy":"category","embeddable":true,"href":"https:\/\/klaasikunst.ee\/index.php?rest_route=%2Fwp%2Fv2%2Fcategories&post=1664"},{"taxonomy":"post_tag","embeddable":true,"href":"https:\/\/klaasikunst.ee\/index.php?rest_route=%2Fwp%2Fv2%2Ftags&post=1664"}],"curies":[{"name":"wp","href":"https:\/\/api.w.org\/{rel}","templated":true}]}}